{"id":7574,"date":"2023-05-10T15:08:29","date_gmt":"2023-05-10T13:08:29","guid":{"rendered":"https:\/\/emababy.com\/?p=7574"},"modified":"2023-06-12T11:02:40","modified_gmt":"2023-06-12T09:02:40","slug":"milyen-babahordozot-valasszak","status":"publish","type":"post","link":"https:\/\/emababy.com\/en\/2023\/05\/10\/milyen-babahordozot-valasszak\/","title":{"rendered":"Milyen babahordoz\u00f3t v\u00e1lasszak?"},"content":{"rendered":"<h2 class=\"wp-block-heading\">A nyer\u0151 p\u00e1ros<\/h2>\n\n\n\n<p>Karik\u00e1s kend\u0151 \u00e9s mei tai: k\u00e9t letisztult megjelen\u00e9s\u0171, a st\u00edlusos \u00f6lt\u00f6zk\u00f6d\u00e9st is t\u00f6k\u00e9letesen kiszolg\u00e1l\u00f3 babahordoz\u00f3. K\u00edn\u00e1latunkba azonban nem csup\u00e1n a k\u00fclcs\u00edn miatt ker\u00fclt be \u00e9ppen ez a k\u00e9t eszk\u00f6z, hanem az\u00e9rt is, mert ide\u00e1lis p\u00e1rost alkotnak \u00e9s a sz\u00fclet\u00e9st\u0151l kezdve az utols\u00f3 hordoz\u00f3s pillanatokig k\u00eds\u00e9rnek benn\u00fcnket. Remek\u00fcl kieg\u00e9sz\u00edtik egym\u00e1st a k\u00fcl\u00f6nb\u00f6z\u0151 hordoz\u00f3s helyzetekben.<br><br>The ring sling can be used with a baby of any size. Many people love it during the early period, and for many it comes back into intensive use during the phase when the child keeps asking to be picked up and put down. In the meantime, it continuously serves well when we only want to carry the baby for shorter periods.<br><br>Ha pedig hosszabb s\u00e9t\u00e1ra, kir\u00e1ndul\u00e1sra indulunk, akkor 5-6 kil\u00f3s testm\u00e9rett\u0151l haszn\u00e1lhatjuk m\u00e1r a mei tait is, amely egyenletesebb s\u00falyeloszt\u00e1s\u00e1val ink\u00e1bb ezeket a szitu\u00e1ci\u00f3kat t\u00e1mogatja.<\/p>\n\n\n\n<p>Ha mindkett\u0151 ott van k\u00e9zn\u00e9l, akkor minden korban \u00e9s minden helyzetben a sz\u00e1munkra legkomfortosabb megold\u00e1st v\u00e1laszthatjuk.<\/p>\n\n\n\n<h2 class=\"wp-block-heading\">Melyik babahordoz\u00f3t haszn\u00e1ljam?<\/h2>\n\n\n\n<figure class=\"wp-block-gallery has-nested-images columns-default is-cropped wp-block-gallery-1 is-layout-flex wp-block-gallery-is-layout-flex\">\n<figure class=\"wp-block-image size-large\"><img loading=\"lazy\" decoding=\"async\" width=\"1024\" height=\"819\" data-id=\"7699\" src=\"https:\/\/emababy.com\/wp-content\/uploads\/2023\/05\/146C5C00-03FB-4B92-9992-908BC0D49557-1024x819.jpeg\" alt=\"Anyuka el\u00f6l pici bab\u00e1t hordozva karik\u00e1s kend\u0151vel, h\u00e1tul totyog\u00f3s mei tai babahordoz\u00f3ban.\" class=\"wp-image-7699\" srcset=\"https:\/\/emababy.com\/wp-content\/uploads\/2023\/05\/146C5C00-03FB-4B92-9992-908BC0D49557-1024x819.jpeg 1024w, https:\/\/emababy.com\/wp-content\/uploads\/2023\/05\/146C5C00-03FB-4B92-9992-908BC0D49557-300x240.jpeg 300w, https:\/\/emababy.com\/wp-content\/uploads\/2023\/05\/146C5C00-03FB-4B92-9992-908BC0D49557-768x615.jpeg 768w, https:\/\/emababy.com\/wp-content\/uploads\/2023\/05\/146C5C00-03FB-4B92-9992-908BC0D49557-150x120.jpeg 150w, https:\/\/emababy.com\/wp-content\/uploads\/2023\/05\/146C5C00-03FB-4B92-9992-908BC0D49557-1000x800.jpeg 1000w, https:\/\/emababy.com\/wp-content\/uploads\/2023\/05\/146C5C00-03FB-4B92-9992-908BC0D49557.jpeg 1366w\" sizes=\"auto, (max-width: 1024px) 100vw, 1024px\" \/><\/figure>\n<\/figure>\n\n\n\n<p>Az al\u00e1bbiakban olyan szempontokat \u00e9s hozz\u00e1juk kapcsol\u00f3d\u00f3 inform\u00e1ci\u00f3kat mutatunk nektek, amelyek alapj\u00e1n k\u00f6nnyebben el tudj\u00e1tok d\u00f6nteni, hogy az ema design mei tai, a karik\u00e1s kend\u0151 vagy esetleg a kett\u0151 kombin\u00e1ci\u00f3ja lesz a sz\u00e1motokra ide\u00e1lis megold\u00e1s.<\/p>\n\n\n\n<h2 class=\"wp-block-heading\">From when can I use it?<\/h2>\n\n\n\n<div class=\"wp-block-columns are-vertically-aligned-center is-layout-flex wp-container-core-columns-is-layout-9d6595d7 wp-block-columns-is-layout-flex\">\n<div class=\"wp-block-column is-vertically-aligned-center is-layout-flow wp-block-column-is-layout-flow\" style=\"flex-basis:66.66%\">\n<figure class=\"wp-block-gallery has-nested-images columns-default is-cropped wp-block-gallery-2 is-layout-flex wp-block-gallery-is-layout-flex\">\n<figure class=\"wp-block-image size-large\"><a href=\"https:\/\/emababy.com\/en\/product\/karikas-kendo-babahordozo\/\"><img loading=\"lazy\" decoding=\"async\" width=\"684\" height=\"1024\" data-id=\"7695\" src=\"https:\/\/emababy.com\/wp-content\/uploads\/2023\/05\/C6FDC706-0948-437C-979D-22A5187A9B67-684x1024.jpeg\" alt=\"Milyen babahordoz\u00f3t v\u00e1lasszak? Pici baba hordoz\u00e1sa naps\u00e1rga karik\u00e1s kend\u0151vel. \" class=\"wp-image-7695\" srcset=\"https:\/\/emababy.com\/wp-content\/uploads\/2023\/05\/C6FDC706-0948-437C-979D-22A5187A9B67-684x1024.jpeg 684w, https:\/\/emababy.com\/wp-content\/uploads\/2023\/05\/C6FDC706-0948-437C-979D-22A5187A9B67-200x300.jpeg 200w, https:\/\/emababy.com\/wp-content\/uploads\/2023\/05\/C6FDC706-0948-437C-979D-22A5187A9B67-768x1150.jpeg 768w, https:\/\/emababy.com\/wp-content\/uploads\/2023\/05\/C6FDC706-0948-437C-979D-22A5187A9B67-100x150.jpeg 100w, https:\/\/emababy.com\/wp-content\/uploads\/2023\/05\/C6FDC706-0948-437C-979D-22A5187A9B67.jpeg 912w\" sizes=\"auto, (max-width: 684px) 100vw, 684px\" \/><\/a><\/figure>\n<\/figure>\n<\/div>\n\n\n\n<div class=\"wp-block-column is-vertically-aligned-center is-layout-flow wp-block-column-is-layout-flow\" style=\"flex-basis:33.33%\">\n<p>Az ema design karik\u00e1s kend\u0151 az els\u0151 pillanatokt\u00f3l haszn\u00e1lhat\u00f3 el\u00f6l \u00e9s cs\u00edp\u0151n hordoz\u00e1sra.<\/p>\n<\/div>\n<\/div>\n\n\n\n<p>Az ema design mei taiba nagyj\u00e1b\u00f3l 5-6 kil\u00f3s tests\u00falyn\u00e1l n\u0151nek bele a bab\u00e1k, onnant\u00f3l kezdve lehet megfelel\u0151en r\u00e1juk igaz\u00edtani. Ez f\u00fcgg a baba testar\u00e1nyait\u00f3l \u00e9s a hordoz\u00f3 szem\u00e9ly m\u00e9reteit\u0151l is, hiszen egy\u00fctt fogj\u00e1k kit\u00f6lteni az eszk\u00f6zt. \u00cdgy p\u00e9ld\u00e1ul el\u0151fordulhat, hogy el\u00f6l hordozva az anyuk\u00e1n m\u00e1r t\u00f6k\u00e9letesen r\u00e1\u00e1ll\u00edthat\u00f3 a babahordoz\u00f3 egy kisebb bab\u00e1ra, m\u00edg az apuk\u00e1ra k\u00f6tve m\u00e9g l\u00f6ty\u00f6g benne egy picit, hiszen a f\u00e9rfiak mellkasa laposabb.<\/p>\n\n\n\n<div class=\"wp-block-columns are-vertically-aligned-center is-layout-flex wp-container-core-columns-is-layout-9d6595d7 wp-block-columns-is-layout-flex\">\n<div class=\"wp-block-column is-vertically-aligned-center is-layout-flow wp-block-column-is-layout-flow\">\n<p>Az eszk\u00f6z sz\u00e9less\u00e9ge a terpeszn\u00e9l szinte ak\u00e1rmilyen kicsire be\u00e1ll\u00edthat\u00f3, \u00edgy a h\u00e1tr\u00e9sz fels\u0151 r\u00e9sz\u00e9be kell igaz\u00e1b\u00f3l belen\u0151ni. Szerencs\u00e9re azonban a h\u00e1tr\u00e9sz sz\u0171k\u00edt\u00e9s\u00e9re is van m\u00f3dszer: <a href=\"https:\/\/www.youtube.com\/watch?v=zvF9YuXzvdI\">a v\u00e1llp\u00e1ntok h\u00f3nalj alatt vezet\u00e9se<\/a>. Ezzel a verzi\u00f3val sok \u00f6t kil\u00f3 k\u00f6r\u00fcli bab\u00e1ra r\u00e1 tudjuk m\u00e1r igaz\u00edtani az ema design mei tait, mert \u00edgy el tudjuk t\u00fcntetni a h\u00e1tr\u00e9sz tetej\u00e9n\u00e9l keletkez\u0151 esetleges lazas\u00e1got.<\/p>\n<\/div>\n\n\n\n<div class=\"wp-block-column is-vertically-aligned-center is-layout-flow wp-block-column-is-layout-flow\">\n<figure class=\"wp-block-gallery has-nested-images columns-default is-cropped wp-block-gallery-3 is-layout-flex wp-block-gallery-is-layout-flex\">\n<figure class=\"wp-block-image size-large\"><a href=\"https:\/\/emababy.com\/en\/product\/ema-design-babahordozo\/\"><img loading=\"lazy\" decoding=\"async\" width=\"576\" height=\"1024\" data-id=\"7701\" src=\"https:\/\/emababy.com\/wp-content\/uploads\/2023\/05\/BE86347E-8BF6-4792-A95C-CB142E3D5AB5-576x1024.jpeg\" alt=\"Milyen babahordoz\u00f3t v\u00e1lasszak? St\u00edlusos anyuka karamell mei tai babahordoz\u00f3val pici bab\u00e1t hordozva.\" class=\"wp-image-7701\" srcset=\"https:\/\/emababy.com\/wp-content\/uploads\/2023\/05\/BE86347E-8BF6-4792-A95C-CB142E3D5AB5-576x1024.jpeg 576w, https:\/\/emababy.com\/wp-content\/uploads\/2023\/05\/BE86347E-8BF6-4792-A95C-CB142E3D5AB5-169x300.jpeg 169w, https:\/\/emababy.com\/wp-content\/uploads\/2023\/05\/BE86347E-8BF6-4792-A95C-CB142E3D5AB5-84x150.jpeg 84w, https:\/\/emababy.com\/wp-content\/uploads\/2023\/05\/BE86347E-8BF6-4792-A95C-CB142E3D5AB5.jpeg 768w\" sizes=\"auto, (max-width: 576px) 100vw, 576px\" \/><\/a><\/figure>\n<\/figure>\n<\/div>\n<\/div>\n\n\n\n<p>Teh\u00e1t, ha m\u00e1r \u00f6t kil\u00f3 k\u00f6r\u00fcl van a bab\u00e1d, akkor b\u00e1tran pr\u00f3b\u00e1ld bele az ema design mei taiba. Ha stabilan megt\u00e1masztja \u0151t a hordoz\u00f3, akkor m\u00e1r haszn\u00e1lhatj\u00e1tok is. Ha esetleg fel\u00fcl m\u00e9g picit sz\u00e9les, akkor pr\u00f3b\u00e1lj\u00e1tok meg a p\u00e1ntokat h\u00f3nalj alatt vezetni. Ha m\u00e9g \u00edgy is kicsit l\u00f6ty\u00f6g, akkor se agg\u00f3djatok, a bab\u00e1k p\u00e1r h\u00e9t alatt rengeteget tudnak n\u0151ni, pikk-pakk bele n\u0151nek ebbe is. Addig is ott a karik\u00e1s kend\u0151!<\/p>\n\n\n\n<h2 class=\"wp-block-heading\">Meddig haszn\u00e1lhatom?<\/h2>\n\n\n\n<p>A karik\u00e1s kend\u0151 ak\u00e1rmeddig haszn\u00e1lhat\u00f3, hat\u00e1rt csak a saj\u00e1t teherb\u00edr\u00e1sunk szab neki.<br><br>Az ema design mei tai eset\u00e9ben az a tapasztalatunk, hogy egy \u00e1tlagos m\u00e9ret\u0171 gyereknek, benti ruh\u00e1ban nagyj\u00e1b\u00f3l 2,5-3 \u00e9ves korig szokott j\u00f3 lenni m\u00e9retben.<\/p>\n\n\n\n<figure class=\"wp-block-gallery has-nested-images columns-default is-cropped wp-block-gallery-4 is-layout-flex wp-block-gallery-is-layout-flex\">\n<figure class=\"wp-block-image size-large\"><a href=\"https:\/\/emababy.com\/en\/product\/ema-design-babahordozo\/\"><img loading=\"lazy\" decoding=\"async\" width=\"1024\" height=\"683\" data-id=\"7709\" src=\"https:\/\/emababy.com\/wp-content\/uploads\/2023\/05\/584627CC-3CD1-440E-BBDD-4756A53CAF2D-1024x683.jpeg\" alt=\"B\u00fazamez\u0151n k\u00e9t anyuka, az egyik karamell sz\u00edn\u0171, a m\u00e1sik m\u00e1lyva mei taijal hordozza bab\u00e1j\u00e1t. Milyen  babahordoz\u00f3t v\u00e1lasszak? \" class=\"wp-image-7709\" srcset=\"https:\/\/emababy.com\/wp-content\/uploads\/2023\/05\/584627CC-3CD1-440E-BBDD-4756A53CAF2D-1024x683.jpeg 1024w, https:\/\/emababy.com\/wp-content\/uploads\/2023\/05\/584627CC-3CD1-440E-BBDD-4756A53CAF2D-300x200.jpeg 300w, https:\/\/emababy.com\/wp-content\/uploads\/2023\/05\/584627CC-3CD1-440E-BBDD-4756A53CAF2D-768x512.jpeg 768w, https:\/\/emababy.com\/wp-content\/uploads\/2023\/05\/584627CC-3CD1-440E-BBDD-4756A53CAF2D-150x100.jpeg 150w, https:\/\/emababy.com\/wp-content\/uploads\/2023\/05\/584627CC-3CD1-440E-BBDD-4756A53CAF2D-1000x667.jpeg 1000w, https:\/\/emababy.com\/wp-content\/uploads\/2023\/05\/584627CC-3CD1-440E-BBDD-4756A53CAF2D.jpeg 1366w\" sizes=\"auto, (max-width: 1024px) 100vw, 1024px\" \/><\/a><\/figure>\n<\/figure>\n\n\n\n<p>The width of the mei tai can be extended for quite a long time by routing the shoulder straps outside the child's legs (i.e., not between the child's legs and the back of the person carrying). This way, we can support longer little legs in a position where the knees are at least at the same level as the baby's bottom. To do this, we adjust the shoulder straps to the child's knee crease, smoothing them out nicely there.&nbsp;<\/p>\n\n\n\n<p>With quite large children, it may be worth tying the waistband lower on ourselves, so that our centers of gravity remain close to each other and carrying remains comfortable.<\/p>\n\n\n\n<h2 class=\"wp-block-heading\">Milyen helyzetekben?<\/h2>\n\n\n\n<p>A karik\u00e1s kend\u0151 f\u0151 profilja a cs\u00edp\u0151n hordoz\u00e1s, de eg\u00e9szen picikkel az els\u0151 p\u00e1r h\u00f3napban nagyon sokan sz\u00edvesen haszn\u00e1lj\u00e1k el\u00f6l is. Stabil fejtart\u00e1st\u00f3l ak\u00e1r a h\u00e1tunkra is vehetj\u00fck benne a bab\u00e1t, de hosszabb h\u00e1ton hordoz\u00e1sra ink\u00e1bb az ema design mei tait aj\u00e1nljuk.<\/p>\n\n\n\n<div class=\"wp-block-columns are-vertically-aligned-center is-layout-flex wp-container-core-columns-is-layout-9d6595d7 wp-block-columns-is-layout-flex\">\n<div class=\"wp-block-column is-vertically-aligned-center is-layout-flow wp-block-column-is-layout-flow\" style=\"flex-basis:66.66%\">\n<figure class=\"wp-block-video\"><video height=\"720\" style=\"aspect-ratio: 960 \/ 720;\" width=\"960\" controls src=\"https:\/\/emababy.com\/wp-content\/uploads\/2023\/05\/video-output-468BAED8-50FD-42B5-99AA-B015FE07DCE8.mov\"><\/video><\/figure>\n<\/div>\n\n\n\n<div class=\"wp-block-column is-vertically-aligned-center is-layout-flow wp-block-column-is-layout-flow\" style=\"flex-basis:33.33%\">\n<p>Nagyobbacska bab\u00e1val a karik\u00e1s kend\u0151t ink\u00e1bb r\u00f6videbb id\u0151tartamokra vetik be a csal\u00e1dok. Nagyon praktikus totyog\u00f3s kor\u00fa gyermekkel, aki s\u0171r\u0171n fel-lek\u00e9redzkedik.<\/p>\n<\/div>\n<\/div>\n\n\n\n<p>A legt\u00f6bben k\u00f6nnyen \u00e9s diszkr\u00e9ten tudnak benne szoptatni, valamint a cumis\u00fcveges etet\u00e9s is j\u00f3l kivitelezhet\u0151 vele. Kiv\u00e1l\u00f3an t\u00e1mogatja a f\u00fcgg\u0151legest\u0151l elt\u00e9r\u0151 hordoz\u00e1si poz\u00edci\u00f3kat (bed\u00f6nt\u00f6tt, bed\u00f6nt\u00f6tt-kiforgatott, f\u00e9lig \u00fcl\u0151). Felv\u00e9telkor nem l\u00f3g le a f\u00f6ldre, ha nincs haszn\u00e1latban kis helyen elf\u00e9r<\/p>\n\n\n\n<div class=\"wp-block-columns are-vertically-aligned-center is-layout-flex wp-container-core-columns-is-layout-9d6595d7 wp-block-columns-is-layout-flex\">\n<div class=\"wp-block-column is-vertically-aligned-center is-layout-flow wp-block-column-is-layout-flow\" style=\"flex-basis:33.33%\">\n<p>A mei taiban is tudsz el\u00f6l, cs\u00edp\u0151n \u00e9s h\u00e1ton is hordozni. H\u00e1ton hordoz\u00e1sra els\u0151sorban ezt aj\u00e1nljuk. Ha hosszabb id\u0151tartamokat hordozn\u00e1l, kir\u00e1nduln\u00e1l, akkor a mei tai val\u00f3 neked!<\/p>\n<\/div>\n\n\n\n<div class=\"wp-block-column is-vertically-aligned-center is-layout-flow wp-block-column-is-layout-flow\" style=\"flex-basis:66.66%\">\n<figure class=\"wp-block-video\"><video height=\"900\" style=\"aspect-ratio: 720 \/ 900;\" width=\"720\" controls src=\"https:\/\/emababy.com\/wp-content\/uploads\/2023\/05\/video-output-23883158-EA15-4189-94CC-2E405213A57C.mov\"><\/video><\/figure>\n<\/div>\n<\/div>\n\n\n\n<h2 class=\"wp-block-heading\">Minden \u00e9vszakban?<\/h2>\n\n\n\n<p>Igen, a mei tai \u00e9s a karik\u00e1s kend\u0151 is n\u00e9gy \u00e9vszakos eszk\u00f6z. Alapvet\u0151en mindkett\u0151 j\u00f3l szell\u0151zik, a leng\u00e9bb babahordoz\u00f3k k\u00f6z\u00e9 tartozik.<\/p>\n\n\n\n<figure class=\"wp-block-gallery has-nested-images columns-default is-cropped wp-block-gallery-5 is-layout-flex wp-block-gallery-is-layout-flex\">\n<figure class=\"wp-block-image size-large\"><a href=\"https:\/\/emababy.com\/en\/product\/karikas-kendo-babahordozo\/\"><img decoding=\"async\" data-id=\"7697\" src=\"https:\/\/emababy.com\/wp-content\/uploads\/2023\/05\/D6260B5A-4A05-46B2-AD14-C77EC000A7D8-684x1024.jpeg\" alt=\"Orogna karik\u00e1s kend\u0151vel hordoz\u00f3 anyuka a levendulamez\u0151n. \" class=\"wp-image-7697\"\/><\/a><\/figure>\n\n\n\n<figure class=\"wp-block-image size-large\"><a href=\"https:\/\/emababy.com\/en\/product\/ema-design-babahordozo\/\"><img loading=\"lazy\" decoding=\"async\" width=\"683\" height=\"1024\" data-id=\"7698\" src=\"https:\/\/emababy.com\/wp-content\/uploads\/2023\/05\/ECDAD8B6-117A-4D17-B30F-9327AAB78E03-683x1024.jpeg\" alt=\"Orgona mei taijal babahordoz\u00f3 anyuka. \" class=\"wp-image-7698\" srcset=\"https:\/\/emababy.com\/wp-content\/uploads\/2023\/05\/ECDAD8B6-117A-4D17-B30F-9327AAB78E03-683x1024.jpeg 683w, https:\/\/emababy.com\/wp-content\/uploads\/2023\/05\/ECDAD8B6-117A-4D17-B30F-9327AAB78E03-200x300.jpeg 200w, https:\/\/emababy.com\/wp-content\/uploads\/2023\/05\/ECDAD8B6-117A-4D17-B30F-9327AAB78E03-768x1152.jpeg 768w, https:\/\/emababy.com\/wp-content\/uploads\/2023\/05\/ECDAD8B6-117A-4D17-B30F-9327AAB78E03-100x150.jpeg 100w, https:\/\/emababy.com\/wp-content\/uploads\/2023\/05\/ECDAD8B6-117A-4D17-B30F-9327AAB78E03.jpeg 911w\" sizes=\"auto, (max-width: 683px) 100vw, 683px\" \/><\/a><\/figure>\n<\/figure>\n\n\n\n<p>A kett\u0151 k\u00f6z\u00fcl a karik\u00e1s kend\u0151 a ny\u00e1riasabb megold\u00e1s, hiszen abban csup\u00e1n egy r\u00e9teg szell\u0151s sz\u00f6v\u00f6tt anyag fut rajtunk, r\u00e1ad\u00e1sul eg\u00e9szen kicsi testfel\u00fcleten. A mei tai eset\u00e9ben a hordoz\u00f3 szem\u00e9ly derek\u00e1t \u00e9s v\u00e1llait is \u00e9rintik a p\u00e1ntok, azonban oldalt ez sem z\u00e1rt, ez\u00e9rt ott szell\u0151zik.<\/p>\n\n\n\n<p>Hidegebb id\u0151ben ak\u00e1r egy melegebb ruh\u00e1ra is felvehetj\u00fck mindk\u00e9t eszk\u00f6zt vagy a bab\u00e1val k\u00f6z\u00f6sen \u00f6lt\u00f6zve is haszn\u00e1lhatjuk \u0151ket.<\/p>\n\n\n\n<h2 class=\"wp-block-heading\">A hordoz\u00f3 szem\u00e9ly szempontjai<\/h2>\n\n\n\n<p>A karik\u00e1s kend\u0151 j\u00f3 v\u00e1laszt\u00e1s, ha szeretn\u00e9nk elker\u00fclni, hogy der\u00e9kp\u00e1nt \u00e9rintse a hasunkat, mert p\u00e9ld\u00e1ul cs\u00e1sz\u00e1rmetsz\u00e9s ut\u00e1n vagyunk. Akkor is ezt v\u00e1lasszuk, ha olyan eszk\u00f6zre v\u00e1gyunk, amely kis helyen elf\u00e9r n\u00e1lunk, ha \u00e9ppen nincs haszn\u00e1latban.<\/p>\n\n\n\n<div class=\"wp-block-columns are-vertically-aligned-center is-layout-flex wp-container-core-columns-is-layout-9d6595d7 wp-block-columns-is-layout-flex\">\n<div class=\"wp-block-column is-vertically-aligned-center is-layout-flow wp-block-column-is-layout-flow\">\n<figure class=\"wp-block-gallery has-nested-images columns-default is-cropped wp-block-gallery-6 is-layout-flex wp-block-gallery-is-layout-flex\">\n<figure class=\"wp-block-image size-large\"><a href=\"https:\/\/emababy.com\/en\/product\/ema-design-babahordozo\/\"><img loading=\"lazy\" decoding=\"async\" width=\"819\" height=\"1024\" data-id=\"7696\" src=\"https:\/\/emababy.com\/wp-content\/uploads\/2023\/05\/42F39726-DC4D-445C-A01E-3E877B657811-819x1024.jpeg\" alt=\"\" class=\"wp-image-7696\" srcset=\"https:\/\/emababy.com\/wp-content\/uploads\/2023\/05\/42F39726-DC4D-445C-A01E-3E877B657811-819x1024.jpeg 819w, https:\/\/emababy.com\/wp-content\/uploads\/2023\/05\/42F39726-DC4D-445C-A01E-3E877B657811-240x300.jpeg 240w, https:\/\/emababy.com\/wp-content\/uploads\/2023\/05\/42F39726-DC4D-445C-A01E-3E877B657811-768x960.jpeg 768w, https:\/\/emababy.com\/wp-content\/uploads\/2023\/05\/42F39726-DC4D-445C-A01E-3E877B657811-120x150.jpeg 120w, https:\/\/emababy.com\/wp-content\/uploads\/2023\/05\/42F39726-DC4D-445C-A01E-3E877B657811-1000x1250.jpeg 1000w, https:\/\/emababy.com\/wp-content\/uploads\/2023\/05\/42F39726-DC4D-445C-A01E-3E877B657811.jpeg 1093w\" sizes=\"auto, (max-width: 819px) 100vw, 819px\" \/><\/a><\/figure>\n<\/figure>\n<\/div>\n\n\n\n<div class=\"wp-block-column is-vertically-aligned-center is-layout-flow wp-block-column-is-layout-flow\">\n<p>Ha olyan hordoz\u00f3t szeretn\u00e9nk, amely szimmetrikusan, mindk\u00e9t v\u00e1llunkra terhel, s\u0151t m\u00e9g a derekunk fel\u00e9 is oszlatja a s\u00falyt, akkor a mei tai lesz az ide\u00e1lis. Ezt az eszk\u00f6zt javasoljuk nagyobb s\u00faly\u00fa bab\u00e1khoz \u00e9s hosszabb id\u0151tartam\u00fa hordoz\u00e1sra is.<\/p>\n<\/div>\n<\/div>\n\n\n\n<p>Megtanulni \u00e9s haszn\u00e1lni mindk\u00e9t eszk\u00f6zt viszonylag gyorsan lehet, ez\u00e9rt ebb\u0151l a szempontb\u00f3l nincs k\u00f6zt\u00fck nagy k\u00fcl\u00f6nbs\u00e9g.<\/p>\n\n\n\n<h2 class=\"wp-block-heading\">Melyik jobb a bab\u00e1nak? \u00a0<\/h2>\n\n\n\n<figure class=\"wp-block-gallery has-nested-images columns-default is-cropped wp-block-gallery-7 is-layout-flex wp-block-gallery-is-layout-flex\">\n<figure class=\"wp-block-image size-large\"><img loading=\"lazy\" decoding=\"async\" width=\"819\" height=\"1024\" data-id=\"7718\" src=\"https:\/\/emababy.com\/wp-content\/uploads\/2023\/05\/3BC53FCB-2AB5-4980-8055-D45390BF9977-819x1024.jpeg\" alt=\"Anyuka bord\u00f3 ema design mei tai babahordoz\u00f3val, a gyermek ortop\u00e9diailag helyes tart\u00e1sban, feneke lejjebb helyezkedik el, mint a t\u00e9rdei. \" class=\"wp-image-7718\" srcset=\"https:\/\/emababy.com\/wp-content\/uploads\/2023\/05\/3BC53FCB-2AB5-4980-8055-D45390BF9977-819x1024.jpeg 819w, https:\/\/emababy.com\/wp-content\/uploads\/2023\/05\/3BC53FCB-2AB5-4980-8055-D45390BF9977-240x300.jpeg 240w, https:\/\/emababy.com\/wp-content\/uploads\/2023\/05\/3BC53FCB-2AB5-4980-8055-D45390BF9977-768x960.jpeg 768w, https:\/\/emababy.com\/wp-content\/uploads\/2023\/05\/3BC53FCB-2AB5-4980-8055-D45390BF9977-120x150.jpeg 120w, https:\/\/emababy.com\/wp-content\/uploads\/2023\/05\/3BC53FCB-2AB5-4980-8055-D45390BF9977-1000x1250.jpeg 1000w, https:\/\/emababy.com\/wp-content\/uploads\/2023\/05\/3BC53FCB-2AB5-4980-8055-D45390BF9977.jpeg 1093w\" sizes=\"auto, (max-width: 819px) 100vw, 819px\" \/><figcaption class=\"wp-element-caption\">Ortop\u00e9diailag helyes tart\u00e1s: a baba t\u00e9rdei magasabban vannak, mint a feneke. <\/figcaption><\/figure>\n<\/figure>\n\n\n\n<p>A bab\u00e1t mindk\u00e9t eszk\u00f6zben a sz\u00e1m\u00e1ra otthonos, k\u00e9nyelmes, a cs\u00edp\u0151fejl\u0151d\u00e9s\u00e9t t\u00e1mogat\u00f3, biztons\u00e1gos poz\u00edci\u00f3ban tudjuk hordozni. Ez azt jelenti, hogy a gyermeket stabilan megt\u00e1masztjuk, nem l\u00f6ty\u00f6g az eszk\u00f6zben, k\u00e9nyelmes terpeszben van \u00e9s t\u00e9rdei magasabban vannak, mint a feneke. <\/p>\n\n\n\n<p>Mindk\u00e9t eszk\u00f6zzel tudjuk k\u00f6vetni a fejl\u0151d\u00e9s\u00e9t. Kezdetben megt\u00e1maszthatjuk a baba fej\u00e9t, majd amikor azt m\u00e1r stabilan tartja \u00e9s k\u00edv\u00e1ncsian n\u00e9zel\u0151dne, akkor ehhez az ig\u00e9ny\u00e9hez igaz\u00edthatjuk a hordoz\u00f3kat. Egy id\u0151sebb, nagyobb szabads\u00e1gra v\u00e1gy\u00f3 gyerek a karjait is ki tudja tenni, mik\u00f6zben biztons\u00e1gban marad. Az egyre k\u00edv\u00e1ncsibb lurk\u00f3k cs\u00edp\u0151re is ker\u00fclhetnek, a mei taijal pedig h\u00e1ton is egyszer\u0171en hordozhatjuk \u0151ket. <\/p>\n\n\n\n<p>A cs\u00edp\u0151n hordoz\u00e1st ak\u00e1r ter\u00e1pi\u00e1s eszk\u00f6zk\u00e9nt is alkalmazhatjuk, ha arra van sz\u00fcks\u00e9g, hogy egy meghat\u00e1rozott ir\u00e1nyb\u00f3l \u00e9rj\u00e9k ingerek a bab\u00e1nkat.<\/p>\n\n\n\n<p>Ha valami\u00e9rt fontos, hogy ne fusson anyag a gyerek l\u00e1bai k\u00f6z\u00f6tt, akkor v\u00e1lasszuk a karik\u00e1s kend\u0151t. Azonban ha \u00e9ppen az a c\u00e9l, hogy mindenk\u00e9pp terpeszben maradjon a baba, akkor a mei tai lesz az ide\u00e1lis.<br><br>Ha szeretn\u00e9d, hogy a k\u00fcl\u00f6nb\u00f6z\u0151 \u00e9lethelyzetekben \u00e9s \u00e9letkorokban mindig a megfelel\u0151 hordoz\u00f3hoz ny\u00falhass, v\u00e1laszd mind a kett\u0151t! A karik\u00e1s kend\u0151 \u00e9s a mei tai ide\u00e1lis kieg\u00e9sz\u00edt\u0151i egym\u00e1snak. Ne feledd, ha k\u00e9t babahordoz\u00f3t v\u00e1s\u00e1rolsz, a dr\u00e1g\u00e1bbikat 10% kedvezm\u00e9nnyel v\u00e1s\u00e1rolhatod meg!<\/p>\n\n\n\n<div class=\"wp-block-buttons is-content-justification-center is-layout-flex wp-container-core-buttons-is-layout-16018d1d wp-block-buttons-is-layout-flex\">\n<div class=\"wp-block-button has-custom-font-size is-style-outline has-medium-font-size is-style-outline--8\"><a class=\"wp-block-button__link has-gutenberg-white-color has-gutenberg-accent-background-color has-text-color has-background wp-element-button\" href=\"https:\/\/emababy.com\/en\/product-category\/hordozok\/\">V\u00c1S\u00c1ROLOK<\/a><\/div>\n<\/div>\n\n\n\n<p><br>Ha ezek ut\u00e1n is bizonytalan van benne, hogy melyik eszk\u00f6z a nektek megfelel\u0151, <a href=\"https:\/\/emababy.com\/en\/kapcsolat\/\">\u00edrj nek\u00fcnk<\/a>! Szeretettel v\u00e1runk <a href=\"https:\/\/emababy.com\/en\/babahordozasi-tanacsadas\/\">ingyenes babahordoz\u00e1si tan\u00e1csad\u00e1sunk<\/a>on is, ahol szem\u00e9lyre szabottan tudjunk seg\u00edteni Neked.<\/p>","protected":false},"excerpt":{"rendered":"<p>Milyen babahordoz\u00f3t v\u00e1lasszak? Blogbejegyz\u00e9s\u00fcnkben ehhez kapsz t\u00e1mpontokat. <\/p>","protected":false},"author":2,"featured_media":7700,"comment_status":"open","ping_status":"open","sticky":false,"template":"","format":"standard","meta":{"footnotes":""},"categories":[157,16],"tags":[162,166,165,164,163,168],"class_list":["post-7574","post","type-post","status-publish","format-standard","has-post-thumbnail","hentry","category-babahordozas","category-ema-design","tag-babahordozas","tag-babahordozo","tag-ema-design","tag-karikas-kendo","tag-mei-tai","tag-milyen-babahordozot-valasszak"],"yoast_head":"<!-- This site is optimized with the Yoast SEO plugin v27.5 - https:\/\/yoast.com\/product\/yoast-seo-wordpress\/ -->\n<title>Milyen babahordoz\u00f3t v\u00e1lasszak? - ema design<\/title>\n<meta name=\"description\" content=\"Milyen babahordoz\u00f3t v\u00e1lasszak? Olvasd el blogbejegyz\u00e9s\u00fcnket \u00e9s tal\u00e1ld meg a Nektek val\u00f3t a k\u00fcl\u00f6nb\u00f6z\u0151 szempontjaink alapj\u00e1n.\" \/>\n<meta name=\"robots\" content=\"index, follow, max-snippet:-1, max-image-preview:large, max-video-preview:-1\" \/>\n<link rel=\"canonical\" href=\"https:\/\/emababy.com\/en\/2023\/05\/10\/milyen-babahordozot-valasszak\/\" \/>\n<meta property=\"og:locale\" content=\"en_US\" \/>\n<meta property=\"og:type\" content=\"article\" \/>\n<meta property=\"og:title\" content=\"Milyen babahordoz\u00f3t v\u00e1lasszak? - ema design\" \/>\n<meta property=\"og:description\" content=\"Milyen babahordoz\u00f3t v\u00e1lasszak? Olvasd el blogbejegyz\u00e9s\u00fcnket \u00e9s tal\u00e1ld meg a Nektek val\u00f3t a k\u00fcl\u00f6nb\u00f6z\u0151 szempontjaink alapj\u00e1n.\" \/>\n<meta property=\"og:url\" content=\"https:\/\/emababy.com\/en\/2023\/05\/10\/milyen-babahordozot-valasszak\/\" \/>\n<meta property=\"og:site_name\" content=\"ema design\" \/>\n<meta property=\"article:publisher\" content=\"https:\/\/www.facebook.com\/emadesignbabycarriers\/\" \/>\n<meta property=\"article:published_time\" content=\"2023-05-10T13:08:29+00:00\" \/>\n<meta property=\"article:modified_time\" content=\"2023-06-12T09:02:40+00:00\" \/>\n<meta property=\"og:image\" content=\"https:\/\/emababy.com\/wp-content\/uploads\/2023\/05\/BA925C43-D2FA-4BFB-8387-DC8B011DEF33.jpeg\" \/>\n\t<meta property=\"og:image:width\" content=\"1366\" \/>\n\t<meta property=\"og:image:height\" content=\"1093\" \/>\n\t<meta property=\"og:image:type\" content=\"image\/jpeg\" \/>\n<meta name=\"author\" content=\"Egyed Judit\" \/>\n<meta name=\"twitter:card\" content=\"summary_large_image\" \/>\n<meta name=\"twitter:label1\" content=\"Written by\" \/>\n\t<meta name=\"twitter:data1\" content=\"Egyed Judit\" \/>\n\t<meta name=\"twitter:label2\" content=\"Est. reading time\" \/>\n\t<meta name=\"twitter:data2\" content=\"8 minutes\" \/>\n<script type=\"application\/ld+json\" class=\"yoast-schema-graph\">{\"@context\":\"https:\\\/\\\/schema.org\",\"@graph\":[{\"@type\":\"Article\",\"@id\":\"https:\\\/\\\/emababy.com\\\/2023\\\/05\\\/10\\\/milyen-babahordozot-valasszak\\\/#article\",\"isPartOf\":{\"@id\":\"https:\\\/\\\/emababy.com\\\/2023\\\/05\\\/10\\\/milyen-babahordozot-valasszak\\\/\"},\"author\":{\"name\":\"Egyed Judit\",\"@id\":\"https:\\\/\\\/emababy.com\\\/#\\\/schema\\\/person\\\/32f618b14bc6863a070f69a038147a35\"},\"headline\":\"Milyen babahordoz\u00f3t v\u00e1lasszak?\",\"datePublished\":\"2023-05-10T13:08:29+00:00\",\"dateModified\":\"2023-06-12T09:02:40+00:00\",\"mainEntityOfPage\":{\"@id\":\"https:\\\/\\\/emababy.com\\\/2023\\\/05\\\/10\\\/milyen-babahordozot-valasszak\\\/\"},\"wordCount\":1582,\"commentCount\":0,\"publisher\":{\"@id\":\"https:\\\/\\\/emababy.com\\\/#organization\"},\"image\":{\"@id\":\"https:\\\/\\\/emababy.com\\\/2023\\\/05\\\/10\\\/milyen-babahordozot-valasszak\\\/#primaryimage\"},\"thumbnailUrl\":\"https:\\\/\\\/emababy.com\\\/wp-content\\\/uploads\\\/2023\\\/05\\\/BA925C43-D2FA-4BFB-8387-DC8B011DEF33.jpeg\",\"keywords\":[\"babahordoz\u00e1s\",\"babahordoz\u00f3\",\"ema design\",\"karik\u00e1s kend\u0151\",\"mei tai\",\"milyen babahordoz\u00f3t v\u00e1lasszak\"],\"articleSection\":[\"babahordoz\u00e1s\",\"ema design\"],\"inLanguage\":\"en-US\",\"potentialAction\":[{\"@type\":\"CommentAction\",\"name\":\"Comment\",\"target\":[\"https:\\\/\\\/emababy.com\\\/2023\\\/05\\\/10\\\/milyen-babahordozot-valasszak\\\/#respond\"]}]},{\"@type\":\"WebPage\",\"@id\":\"https:\\\/\\\/emababy.com\\\/2023\\\/05\\\/10\\\/milyen-babahordozot-valasszak\\\/\",\"url\":\"https:\\\/\\\/emababy.com\\\/2023\\\/05\\\/10\\\/milyen-babahordozot-valasszak\\\/\",\"name\":\"Milyen babahordoz\u00f3t v\u00e1lasszak? - ema design\",\"isPartOf\":{\"@id\":\"https:\\\/\\\/emababy.com\\\/#website\"},\"primaryImageOfPage\":{\"@id\":\"https:\\\/\\\/emababy.com\\\/2023\\\/05\\\/10\\\/milyen-babahordozot-valasszak\\\/#primaryimage\"},\"image\":{\"@id\":\"https:\\\/\\\/emababy.com\\\/2023\\\/05\\\/10\\\/milyen-babahordozot-valasszak\\\/#primaryimage\"},\"thumbnailUrl\":\"https:\\\/\\\/emababy.com\\\/wp-content\\\/uploads\\\/2023\\\/05\\\/BA925C43-D2FA-4BFB-8387-DC8B011DEF33.jpeg\",\"datePublished\":\"2023-05-10T13:08:29+00:00\",\"dateModified\":\"2023-06-12T09:02:40+00:00\",\"description\":\"Milyen babahordoz\u00f3t v\u00e1lasszak? Olvasd el blogbejegyz\u00e9s\u00fcnket \u00e9s tal\u00e1ld meg a Nektek val\u00f3t a k\u00fcl\u00f6nb\u00f6z\u0151 szempontjaink alapj\u00e1n.\",\"breadcrumb\":{\"@id\":\"https:\\\/\\\/emababy.com\\\/2023\\\/05\\\/10\\\/milyen-babahordozot-valasszak\\\/#breadcrumb\"},\"inLanguage\":\"en-US\",\"potentialAction\":[{\"@type\":\"ReadAction\",\"target\":[\"https:\\\/\\\/emababy.com\\\/2023\\\/05\\\/10\\\/milyen-babahordozot-valasszak\\\/\"]}]},{\"@type\":\"ImageObject\",\"inLanguage\":\"en-US\",\"@id\":\"https:\\\/\\\/emababy.com\\\/2023\\\/05\\\/10\\\/milyen-babahordozot-valasszak\\\/#primaryimage\",\"url\":\"https:\\\/\\\/emababy.com\\\/wp-content\\\/uploads\\\/2023\\\/05\\\/BA925C43-D2FA-4BFB-8387-DC8B011DEF33.jpeg\",\"contentUrl\":\"https:\\\/\\\/emababy.com\\\/wp-content\\\/uploads\\\/2023\\\/05\\\/BA925C43-D2FA-4BFB-8387-DC8B011DEF33.jpeg\",\"width\":1366,\"height\":1093,\"caption\":\"Anyuka smaragd sz\u00edn\u0171 mei tai babahordoz\u00f3val, mellette orgona sz\u00edn\u0171 karik\u00e1s kend\u0151vel babahordoz\u00f3 anyuka.\"},{\"@type\":\"BreadcrumbList\",\"@id\":\"https:\\\/\\\/emababy.com\\\/2023\\\/05\\\/10\\\/milyen-babahordozot-valasszak\\\/#breadcrumb\",\"itemListElement\":[{\"@type\":\"ListItem\",\"position\":1,\"name\":\"Home\",\"item\":\"https:\\\/\\\/emababy.com\\\/\"},{\"@type\":\"ListItem\",\"position\":2,\"name\":\"Milyen babahordoz\u00f3t v\u00e1lasszak?\"}]},{\"@type\":\"WebSite\",\"@id\":\"https:\\\/\\\/emababy.com\\\/#website\",\"url\":\"https:\\\/\\\/emababy.com\\\/\",\"name\":\"ema design\",\"description\":\"Babahordoz\u00e1s st\u00edlusosan!\",\"publisher\":{\"@id\":\"https:\\\/\\\/emababy.com\\\/#organization\"},\"alternateName\":\"emababy\",\"potentialAction\":[{\"@type\":\"SearchAction\",\"target\":{\"@type\":\"EntryPoint\",\"urlTemplate\":\"https:\\\/\\\/emababy.com\\\/?s={search_term_string}\"},\"query-input\":{\"@type\":\"PropertyValueSpecification\",\"valueRequired\":true,\"valueName\":\"search_term_string\"}}],\"inLanguage\":\"en-US\"},{\"@type\":\"Organization\",\"@id\":\"https:\\\/\\\/emababy.com\\\/#organization\",\"name\":\"EmaDesign Bt.\",\"url\":\"https:\\\/\\\/emababy.com\\\/\",\"logo\":{\"@type\":\"ImageObject\",\"inLanguage\":\"en-US\",\"@id\":\"https:\\\/\\\/emababy.com\\\/#\\\/schema\\\/logo\\\/image\\\/\",\"url\":\"https:\\\/\\\/emababy.com\\\/wp-content\\\/uploads\\\/2023\\\/03\\\/cropped-logo_light_small.png\",\"contentUrl\":\"https:\\\/\\\/emababy.com\\\/wp-content\\\/uploads\\\/2023\\\/03\\\/cropped-logo_light_small.png\",\"width\":607,\"height\":80,\"caption\":\"EmaDesign Bt.\"},\"image\":{\"@id\":\"https:\\\/\\\/emababy.com\\\/#\\\/schema\\\/logo\\\/image\\\/\"},\"sameAs\":[\"https:\\\/\\\/www.facebook.com\\\/emadesignbabycarriers\\\/\",\"https:\\\/\\\/www.instagram.com\\\/emadesignbabycarriers\\\/\",\"https:\\\/\\\/www.youtube.com\\\/@ema_design\"]},{\"@type\":\"Person\",\"@id\":\"https:\\\/\\\/emababy.com\\\/#\\\/schema\\\/person\\\/32f618b14bc6863a070f69a038147a35\",\"name\":\"Egyed Judit\",\"image\":{\"@type\":\"ImageObject\",\"inLanguage\":\"en-US\",\"@id\":\"https:\\\/\\\/secure.gravatar.com\\\/avatar\\\/4bfbe110ca8e9c46360756bb5edbb91804b3b2e0419a5119a400b035f9a8b96d?s=96&d=blank&r=g\",\"url\":\"https:\\\/\\\/secure.gravatar.com\\\/avatar\\\/4bfbe110ca8e9c46360756bb5edbb91804b3b2e0419a5119a400b035f9a8b96d?s=96&d=blank&r=g\",\"contentUrl\":\"https:\\\/\\\/secure.gravatar.com\\\/avatar\\\/4bfbe110ca8e9c46360756bb5edbb91804b3b2e0419a5119a400b035f9a8b96d?s=96&d=blank&r=g\",\"caption\":\"Egyed Judit\"},\"sameAs\":[\"http:\\\/\\\/hordozunk.hu\\\/\"],\"url\":\"https:\\\/\\\/emababy.com\\\/en\\\/author\\\/egyed-judit\\\/\"}]}<\/script>\n<!-- \/ Yoast SEO plugin. -->","yoast_head_json":{"title":"Milyen babahordoz\u00f3t v\u00e1lasszak? - ema design","description":"Milyen babahordoz\u00f3t v\u00e1lasszak? Olvasd el blogbejegyz\u00e9s\u00fcnket \u00e9s tal\u00e1ld meg a Nektek val\u00f3t a k\u00fcl\u00f6nb\u00f6z\u0151 szempontjaink alapj\u00e1n.","robots":{"index":"index","follow":"follow","max-snippet":"max-snippet:-1","max-image-preview":"max-image-preview:large","max-video-preview":"max-video-preview:-1"},"canonical":"https:\/\/emababy.com\/en\/2023\/05\/10\/milyen-babahordozot-valasszak\/","og_locale":"en_US","og_type":"article","og_title":"Milyen babahordoz\u00f3t v\u00e1lasszak? - ema design","og_description":"Milyen babahordoz\u00f3t v\u00e1lasszak? Olvasd el blogbejegyz\u00e9s\u00fcnket \u00e9s tal\u00e1ld meg a Nektek val\u00f3t a k\u00fcl\u00f6nb\u00f6z\u0151 szempontjaink alapj\u00e1n.","og_url":"https:\/\/emababy.com\/en\/2023\/05\/10\/milyen-babahordozot-valasszak\/","og_site_name":"ema design","article_publisher":"https:\/\/www.facebook.com\/emadesignbabycarriers\/","article_published_time":"2023-05-10T13:08:29+00:00","article_modified_time":"2023-06-12T09:02:40+00:00","og_image":[{"width":1366,"height":1093,"url":"https:\/\/emababy.com\/wp-content\/uploads\/2023\/05\/BA925C43-D2FA-4BFB-8387-DC8B011DEF33.jpeg","type":"image\/jpeg"}],"author":"Egyed Judit","twitter_card":"summary_large_image","twitter_misc":{"Written by":"Egyed Judit","Est. reading time":"8 minutes"},"schema":{"@context":"https:\/\/schema.org","@graph":[{"@type":"Article","@id":"https:\/\/emababy.com\/2023\/05\/10\/milyen-babahordozot-valasszak\/#article","isPartOf":{"@id":"https:\/\/emababy.com\/2023\/05\/10\/milyen-babahordozot-valasszak\/"},"author":{"name":"Egyed Judit","@id":"https:\/\/emababy.com\/#\/schema\/person\/32f618b14bc6863a070f69a038147a35"},"headline":"Milyen babahordoz\u00f3t v\u00e1lasszak?","datePublished":"2023-05-10T13:08:29+00:00","dateModified":"2023-06-12T09:02:40+00:00","mainEntityOfPage":{"@id":"https:\/\/emababy.com\/2023\/05\/10\/milyen-babahordozot-valasszak\/"},"wordCount":1582,"commentCount":0,"publisher":{"@id":"https:\/\/emababy.com\/#organization"},"image":{"@id":"https:\/\/emababy.com\/2023\/05\/10\/milyen-babahordozot-valasszak\/#primaryimage"},"thumbnailUrl":"https:\/\/emababy.com\/wp-content\/uploads\/2023\/05\/BA925C43-D2FA-4BFB-8387-DC8B011DEF33.jpeg","keywords":["babahordoz\u00e1s","babahordoz\u00f3","ema design","karik\u00e1s kend\u0151","mei tai","milyen babahordoz\u00f3t v\u00e1lasszak"],"articleSection":["babahordoz\u00e1s","ema design"],"inLanguage":"en-US","potentialAction":[{"@type":"CommentAction","name":"Comment","target":["https:\/\/emababy.com\/2023\/05\/10\/milyen-babahordozot-valasszak\/#respond"]}]},{"@type":"WebPage","@id":"https:\/\/emababy.com\/2023\/05\/10\/milyen-babahordozot-valasszak\/","url":"https:\/\/emababy.com\/2023\/05\/10\/milyen-babahordozot-valasszak\/","name":"Milyen babahordoz\u00f3t v\u00e1lasszak? - ema design","isPartOf":{"@id":"https:\/\/emababy.com\/#website"},"primaryImageOfPage":{"@id":"https:\/\/emababy.com\/2023\/05\/10\/milyen-babahordozot-valasszak\/#primaryimage"},"image":{"@id":"https:\/\/emababy.com\/2023\/05\/10\/milyen-babahordozot-valasszak\/#primaryimage"},"thumbnailUrl":"https:\/\/emababy.com\/wp-content\/uploads\/2023\/05\/BA925C43-D2FA-4BFB-8387-DC8B011DEF33.jpeg","datePublished":"2023-05-10T13:08:29+00:00","dateModified":"2023-06-12T09:02:40+00:00","description":"Milyen babahordoz\u00f3t v\u00e1lasszak? Olvasd el blogbejegyz\u00e9s\u00fcnket \u00e9s tal\u00e1ld meg a Nektek val\u00f3t a k\u00fcl\u00f6nb\u00f6z\u0151 szempontjaink alapj\u00e1n.","breadcrumb":{"@id":"https:\/\/emababy.com\/2023\/05\/10\/milyen-babahordozot-valasszak\/#breadcrumb"},"inLanguage":"en-US","potentialAction":[{"@type":"ReadAction","target":["https:\/\/emababy.com\/2023\/05\/10\/milyen-babahordozot-valasszak\/"]}]},{"@type":"ImageObject","inLanguage":"en-US","@id":"https:\/\/emababy.com\/2023\/05\/10\/milyen-babahordozot-valasszak\/#primaryimage","url":"https:\/\/emababy.com\/wp-content\/uploads\/2023\/05\/BA925C43-D2FA-4BFB-8387-DC8B011DEF33.jpeg","contentUrl":"https:\/\/emababy.com\/wp-content\/uploads\/2023\/05\/BA925C43-D2FA-4BFB-8387-DC8B011DEF33.jpeg","width":1366,"height":1093,"caption":"Anyuka smaragd sz\u00edn\u0171 mei tai babahordoz\u00f3val, mellette orgona sz\u00edn\u0171 karik\u00e1s kend\u0151vel babahordoz\u00f3 anyuka."},{"@type":"BreadcrumbList","@id":"https:\/\/emababy.com\/2023\/05\/10\/milyen-babahordozot-valasszak\/#breadcrumb","itemListElement":[{"@type":"ListItem","position":1,"name":"Home","item":"https:\/\/emababy.com\/"},{"@type":"ListItem","position":2,"name":"Milyen babahordoz\u00f3t v\u00e1lasszak?"}]},{"@type":"WebSite","@id":"https:\/\/emababy.com\/#website","url":"https:\/\/emababy.com\/","name":"ema design","description":"Babahordoz\u00e1s st\u00edlusosan!","publisher":{"@id":"https:\/\/emababy.com\/#organization"},"alternateName":"emababy","potentialAction":[{"@type":"SearchAction","target":{"@type":"EntryPoint","urlTemplate":"https:\/\/emababy.com\/?s={search_term_string}"},"query-input":{"@type":"PropertyValueSpecification","valueRequired":true,"valueName":"search_term_string"}}],"inLanguage":"en-US"},{"@type":"Organization","@id":"https:\/\/emababy.com\/#organization","name":"EmaDesign Bt.","url":"https:\/\/emababy.com\/","logo":{"@type":"ImageObject","inLanguage":"en-US","@id":"https:\/\/emababy.com\/#\/schema\/logo\/image\/","url":"https:\/\/emababy.com\/wp-content\/uploads\/2023\/03\/cropped-logo_light_small.png","contentUrl":"https:\/\/emababy.com\/wp-content\/uploads\/2023\/03\/cropped-logo_light_small.png","width":607,"height":80,"caption":"EmaDesign Bt."},"image":{"@id":"https:\/\/emababy.com\/#\/schema\/logo\/image\/"},"sameAs":["https:\/\/www.facebook.com\/emadesignbabycarriers\/","https:\/\/www.instagram.com\/emadesignbabycarriers\/","https:\/\/www.youtube.com\/@ema_design"]},{"@type":"Person","@id":"https:\/\/emababy.com\/#\/schema\/person\/32f618b14bc6863a070f69a038147a35","name":"Egyed Judit","image":{"@type":"ImageObject","inLanguage":"en-US","@id":"https:\/\/secure.gravatar.com\/avatar\/4bfbe110ca8e9c46360756bb5edbb91804b3b2e0419a5119a400b035f9a8b96d?s=96&d=blank&r=g","url":"https:\/\/secure.gravatar.com\/avatar\/4bfbe110ca8e9c46360756bb5edbb91804b3b2e0419a5119a400b035f9a8b96d?s=96&d=blank&r=g","contentUrl":"https:\/\/secure.gravatar.com\/avatar\/4bfbe110ca8e9c46360756bb5edbb91804b3b2e0419a5119a400b035f9a8b96d?s=96&d=blank&r=g","caption":"Egyed Judit"},"sameAs":["http:\/\/hordozunk.hu\/"],"url":"https:\/\/emababy.com\/en\/author\/egyed-judit\/"}]}},"_links":{"self":[{"href":"https:\/\/emababy.com\/en\/wp-json\/wp\/v2\/posts\/7574","targetHints":{"allow":["GET"]}}],"collection":[{"href":"https:\/\/emababy.com\/en\/wp-json\/wp\/v2\/posts"}],"about":[{"href":"https:\/\/emababy.com\/en\/wp-json\/wp\/v2\/types\/post"}],"author":[{"embeddable":true,"href":"https:\/\/emababy.com\/en\/wp-json\/wp\/v2\/users\/2"}],"replies":[{"embeddable":true,"href":"https:\/\/emababy.com\/en\/wp-json\/wp\/v2\/comments?post=7574"}],"version-history":[{"count":0,"href":"https:\/\/emababy.com\/en\/wp-json\/wp\/v2\/posts\/7574\/revisions"}],"wp:featuredmedia":[{"embeddable":true,"href":"https:\/\/emababy.com\/en\/wp-json\/wp\/v2\/media\/7700"}],"wp:attachment":[{"href":"https:\/\/emababy.com\/en\/wp-json\/wp\/v2\/media?parent=7574"}],"wp:term":[{"taxonomy":"category","embeddable":true,"href":"https:\/\/emababy.com\/en\/wp-json\/wp\/v2\/categories?post=7574"},{"taxonomy":"post_tag","embeddable":true,"href":"https:\/\/emababy.com\/en\/wp-json\/wp\/v2\/tags?post=7574"}],"curies":[{"name":"wp","href":"https:\/\/api.w.org\/{rel}","templated":true}]}}