{"id":7793,"date":"2023-05-26T09:26:40","date_gmt":"2023-05-26T07:26:40","guid":{"rendered":"https:\/\/emababy.com\/?p=7793"},"modified":"2024-02-04T09:27:27","modified_gmt":"2024-02-04T08:27:27","slug":"altatas-babahordozoban","status":"publish","type":"post","link":"https:\/\/emababy.com\/en\/2023\/05\/26\/altatas-babahordozoban\/","title":{"rendered":"Altat\u00e1s babahordoz\u00f3ban"},"content":{"rendered":"<p>Sokszor kapom a k\u00e9rd\u00e9st alv\u00e1s tan\u00e1csad\u00f3k\u00e9nt, hogy: Nem lesz ebb\u0151l baj, hogy eg\u00e9sz nap rajtam l\u00f3g a gyerek \u00e9s csak babahordoz\u00f3ban alszik el? Nem k\u00e9nyeztetem el? Nem rontom el, hogy folyton k\u00e9zben van \u00e9s menni kell vele? De h\u00e1t le se tudom tenni a kis\u00e1gyba aludni, ahol pedig a helye lenne!<\/p>\n\n\n\n<h2 class=\"wp-block-heading\">Hogyan alszanak a bab\u00e1k a miel\u0151tt megsz\u00fcletnek?<\/h2>\n\n\n\n<p>Szeretek oda visszamenni a magyar\u00e1zatban, ahol m\u00e9g nincs befoly\u00e1sunk: n\u00e9zz\u00fck meg mi t\u00f6rt\u00e9nik a pocakban a bab\u00e1val? Hogyan alszanak a bab\u00e1k miel\u0151tt megsz\u00fcletnek? Mennyit alszanak?<\/p>\n\n\n\n<p>A nap 95-98 sz\u00e1zal\u00e9k\u00e1t. Igen, j\u00f3l hallottad! Szinte folyamatosan! <\/p>\n\n\n\n<p>\u201cAz eny\u00e9m bizony nem aludt ennyit az biztos, folyton rugdosott, f\u0151leg \u00e9jjel! Biztos az\u00e9rt ilyen rossz alv\u00f3.\u201d &#8211; mondod Te. Ez az\u00e9rt van, mert a bab\u00e1k 1 \u00f3r\u00e1ban legal\u00e1bb 50-szer mozdulnak a pocakban. Igen, j\u00f3l \u00e9rted: ez azt jelenti, hogy alv\u00e1s k\u00f6zben is mozognak! Folyamatosan! \u00c9s k\u00f6zben m\u00e9g te is mozogsz! M\u00e9g \u00e9jjel is. \u00c9rted m\u00e1r, hogy mi\u00e9rt term\u00e9szetes, hogy folyton cipelni kell \u00e9s egy percet sem alszik a kis\u00e1gyban?<\/p>\n\n\n\n<h2 class=\"wp-block-heading\">A bab\u00e1k alv\u00e1sa \u00e9s a b\u0151rkontaktus<\/h2>\n\n\n\n<figure class=\"wp-block-gallery has-nested-images columns-default is-cropped wp-block-gallery-1 is-layout-flex wp-block-gallery-is-layout-flex\">\n<figure class=\"wp-block-image size-large\"><a href=\"https:\/\/emababy.com\/en\/product-category\/hordozok\/\"><img loading=\"lazy\" decoding=\"async\" width=\"819\" height=\"1024\" data-id=\"7801\" src=\"https:\/\/emababy.com\/wp-content\/uploads\/2023\/05\/9A57FF9E-7BD6-41CE-97AA-9BB51578C1A9-819x1024.jpeg\" alt=\"altat\u00e1s babahordoz\u00f3ban, anyuka h\u00e1t\u00e1n a baba alszik, fej\u00e9t a babahordoz\u00f3 alv\u00f3csukyl\u00e1ja t\u00e1masztja \" class=\"wp-image-7801\" srcset=\"https:\/\/emababy.com\/wp-content\/uploads\/2023\/05\/9A57FF9E-7BD6-41CE-97AA-9BB51578C1A9-819x1024.jpeg 819w, https:\/\/emababy.com\/wp-content\/uploads\/2023\/05\/9A57FF9E-7BD6-41CE-97AA-9BB51578C1A9-240x300.jpeg 240w, https:\/\/emababy.com\/wp-content\/uploads\/2023\/05\/9A57FF9E-7BD6-41CE-97AA-9BB51578C1A9-768x960.jpeg 768w, https:\/\/emababy.com\/wp-content\/uploads\/2023\/05\/9A57FF9E-7BD6-41CE-97AA-9BB51578C1A9-120x150.jpeg 120w, https:\/\/emababy.com\/wp-content\/uploads\/2023\/05\/9A57FF9E-7BD6-41CE-97AA-9BB51578C1A9-1000x1250.jpeg 1000w, https:\/\/emababy.com\/wp-content\/uploads\/2023\/05\/9A57FF9E-7BD6-41CE-97AA-9BB51578C1A9.jpeg 1093w\" sizes=\"auto, (max-width: 819px) 100vw, 819px\" \/><\/a><\/figure>\n<\/figure>\n\n\n\n<p>Az \u00e9rint\u00e9sr\u0151l akkor m\u00e9g nem is besz\u00e9ltem, hiszen a pocakban folyamatosan hozz\u00e1\u00e9rsz, \u201c\u00f6leled\u201d a bab\u00e1d. S\u0151t, hallja a hangjaidat, a k\u00f6ld\u00f6kzsin\u00f3r pulz\u00e1l\u00e1s\u00e1t, mint a sz\u00edvver\u00e9sed. H\u00e1t csoda, hogy nem akar a cs\u00f6ndben k\u00fcl\u00f6n szob\u00e1ban kis\u00e1gyban aludni? Nem csoda. \ud83d\ude42<\/p>\n\n\n\n<p>Bocsi, de m\u00e1r a pocakban elrontottad!<\/p>\n\n\n\n<figure class=\"wp-block-pullquote\"><blockquote><p><strong>A bab\u00e1nak teh\u00e1t alapsz\u00fcks\u00e9glet a folyamatos mozg\u00e1s, testk\u00f6zels\u00e9g, \u00e9rint\u00e9s.<\/strong><\/p><\/blockquote><\/figure>\n\n\n\n<p>Van egy nagyon szeml\u00e9letes kutat\u00e1s sorozat, ami ezt l\u00e1tv\u00e1nyosan bizony\u00edtja.<\/p>\n\n\n\n<p>A Harlow-f\u00e9le r\u00e9zusz majom k\u00eds\u00e9rletr\u0151l biztos hallott\u00e1l, ezt szoktuk \u201csz\u0151ranya\u201d k\u00eds\u00e9rletnek h\u00edvni: a r\u00e9zusz majom gyerekeket sz\u00fclet\u00e9skor elv\u00e1lasztj\u00e1k az anyjukt\u00f3l \u00e9s egy ketrecben nevelik. K\u00e9t t\u00e1rgy van a ketrecben, egy \u201csz\u0151ranya\u201d, ami egy b\u00e1bu puha anyaggal bevonva. \u00c9s egy m\u00e1sik b\u00e1bu, ami \u201cdr\u00f3tanya\u201d \u00e9s csak cumis\u00fcvegb\u0151l folyik bel\u0151le a tej. A kutat\u00f3k azt figyelt\u00e9k meg, hogy a kismajmok sokkal t\u00f6bb id\u0151t t\u00f6lt\u00f6ttek a \u201csz\u0151rany\u00e1n\u201d mint a \u201cdr\u00f3tany\u00e1n\u201d. Hi\u00e1ba onnan j\u00f6tt a t\u00e1pl\u00e1l\u00e9k, onnan folyt a tej. Ebb\u0151l megtanulhattuk, hogy fontosabb a szeretet, vagyis any\u00e1n \u201cl\u00f3gni\u201d, mint maga a t\u00e1pl\u00e1l\u00e9k.<\/p>\n\n\n\n<p>Azonban azt m\u00e1r kevesen tudj\u00e1k, hogy ezek a kismajmok egy\u00e1ltal\u00e1n nem lettek eg\u00e9szs\u00e9gesek, amikor feln\u0151ttek (averzi\u00f3juk lett az \u00e9rint\u00e9sre, agressz\u00edvek lettek, nem voltak szoci\u00e1lisak, nem tudnak teherbe esni, ha teherbe estek elhanyagol\u00f3 any\u00e1k lettek) (Harlow \u00e9s Harrow 1981). Sz\u00f3val ennyi m\u00e9g nem el\u00e9g, valami hi\u00e1nyzik.<\/p>\n\n\n\n<p>Mason \u00e9s t\u00e1rsai tov\u00e1bbvitt\u00e9k a k\u00eds\u00e9rletet: az volt az \u00f6tlet\u00fck, hogy egyetlen dolgon v\u00e1ltoztatnak: a \u201csz\u0151rany\u00e1t\u201d egy a gumiszalaggal l\u00f3gatt\u00e1k a ketrecben \u2013 \u00edgy amikor a kismajmok r\u00e1mentek az fel-le \u00e9s jobbra-balra ringat\u00f3zni kezdett. \u00c9s l\u00e1ss csod\u00e1t! \u00cdgy m\u00e1r eg\u00e9szs\u00e9ges majmok fejl\u0151dtek (Mason 1968).<\/p>\n\n\n\n<figure class=\"wp-block-gallery has-nested-images columns-default is-cropped wp-block-gallery-2 is-layout-flex wp-block-gallery-is-layout-flex\">\n<figure class=\"wp-block-image size-large\"><a href=\"https:\/\/emababy.com\/en\/product\/ema-design-babahordozo\/\"><img loading=\"lazy\" decoding=\"async\" width=\"768\" height=\"1024\" data-id=\"7808\" src=\"https:\/\/emababy.com\/wp-content\/uploads\/2023\/05\/photo-output-1-768x1024.jpeg\" alt=\"m\u00e1lyva sz\u00edn\u0171 babahordoz\u00f3ban alv\u00f3 baba, altat\u00e1s \" class=\"wp-image-7808\" srcset=\"https:\/\/emababy.com\/wp-content\/uploads\/2023\/05\/photo-output-1-768x1024.jpeg 768w, https:\/\/emababy.com\/wp-content\/uploads\/2023\/05\/photo-output-1-225x300.jpeg 225w, https:\/\/emababy.com\/wp-content\/uploads\/2023\/05\/photo-output-1-1152x1536.jpeg 1152w, https:\/\/emababy.com\/wp-content\/uploads\/2023\/05\/photo-output-1-113x150.jpeg 113w, https:\/\/emababy.com\/wp-content\/uploads\/2023\/05\/photo-output-1-1000x1333.jpeg 1000w, https:\/\/emababy.com\/wp-content\/uploads\/2023\/05\/photo-output-1.jpeg 1536w\" sizes=\"auto, (max-width: 768px) 100vw, 768px\" \/><\/a><\/figure>\n<\/figure>\n\n\n\n<p>Teh\u00e1t minden alkalommal, amikor nem siker\u00fclt letenni a bab\u00e1d altat\u00e1skor \u00e9s kem\u00e9nyen rovod a kilom\u00e9tereket a babahordoz\u00f3val, gondolj arra, milyen csod\u00e1latos munk\u00e1t v\u00e9gzel \u00e9ppen: fejleszted a bab\u00e1d, hogy eg\u00e9szs\u00e9gesen n\u0151j\u00f6n fel!<\/p>\n\n\n\n<hr class=\"wp-block-separator has-alpha-channel-opacity\"\/>\n\n\n\n<div class=\"wp-block-columns are-vertically-aligned-center is-layout-flex wp-container-core-columns-is-layout-9d6595d7 wp-block-columns-is-layout-flex\">\n<div class=\"wp-block-column is-vertically-aligned-center is-layout-flow wp-block-column-is-layout-flow\" style=\"flex-basis:33.33%\">\n<figure class=\"wp-block-gallery has-nested-images columns-default is-cropped wp-block-gallery-3 is-layout-flex wp-block-gallery-is-layout-flex\">\n<figure class=\"wp-block-image size-large\"><img loading=\"lazy\" decoding=\"async\" width=\"453\" height=\"453\" data-id=\"7826\" src=\"https:\/\/emababy.com\/wp-content\/uploads\/2023\/05\/UuU4kOj9QKqbaJ270owH_b3vRt0cU6b8SywFE.jpeg\" alt=\"\" class=\"wp-image-7826\" srcset=\"https:\/\/emababy.com\/wp-content\/uploads\/2023\/05\/UuU4kOj9QKqbaJ270owH_b3vRt0cU6b8SywFE.jpeg 453w, https:\/\/emababy.com\/wp-content\/uploads\/2023\/05\/UuU4kOj9QKqbaJ270owH_b3vRt0cU6b8SywFE-300x300.jpeg 300w, https:\/\/emababy.com\/wp-content\/uploads\/2023\/05\/UuU4kOj9QKqbaJ270owH_b3vRt0cU6b8SywFE-150x150.jpeg 150w, https:\/\/emababy.com\/wp-content\/uploads\/2023\/05\/UuU4kOj9QKqbaJ270owH_b3vRt0cU6b8SywFE-100x100.jpeg 100w, https:\/\/emababy.com\/wp-content\/uploads\/2023\/05\/UuU4kOj9QKqbaJ270owH_b3vRt0cU6b8SywFE-50x50.jpeg 50w\" sizes=\"auto, (max-width: 453px) 100vw, 453px\" \/><\/figure>\n<\/figure>\n<\/div>\n\n\n\n<div class=\"wp-block-column is-vertically-aligned-center is-layout-flow wp-block-column-is-layout-flow\" style=\"flex-basis:66.66%\">\n<p class=\"has-small-font-size\">Kalm\u00e1r Szandi &#8211; A szerz\u0151 <\/p>\n\n\n\n<p style=\"font-size:11px\">Eml\u00e9kszem, amikor kb. 6 h\u00f3napos volt a l\u00e1nyom \u00e9s kezembe vettem Lieldoff Az elveszett boldogs\u00e1g nyom\u00e1ban c\u00edm\u0171 k\u00f6nyv\u00e9t. R\u00f6gt\u00f6n \u00e9reztem, hogy val\u00f3sz\u00edn\u0171leg ez az egyetlen k\u00f6nyv, amit \u00e9rdemes lett volna elolvasnom a bab\u00e1z\u00e1ssal kapcsolatban. Azonnal magamra is k\u00f6t\u00f6ttem a szekr\u00e9ny m\u00e9ly\u00e9n lapul\u00f3 kend\u0151be Lilit. Hirtelen lesz\u00e1llt minden ellen\u00e9rz\u00e9sem, hogy \u00e9n abba az anyag darabba be tudom \u0151t csavarni rendesen. H\u00e1t \u00edgy kezd\u0151d\u00f6tt minden&#8230; <\/p>\n\n\n\n<p style=\"font-size:11px\">Onnant\u00f3l nem voltak k\u00e9rd\u00e9sek, vagy legal\u00e1bb is annyi \u00e9s nem olyan f\u00e1j\u00f3ak. Mert hallgathattam a sz\u00edvemre \u00e9s a meg\u00e9rz\u00e9seimre. A k\u00f6rnyezetemnek az\u00e9rt siker\u00fclt id\u0151r\u0151l-id\u0151re elbizonytalan\u00edtania, hogy nem j\u00f3, hogy folyton rajtam &#8222;l\u00f3g&#8221; a gyerek, meg micsoda k\u00eds\u00e9rletet csin\u00e1lok \u00e9n, hogy \u00edgy nevelem. Azt\u00e1n amikor form\u00e1lisabban is elkezdtem tanulni a t\u00e9m\u00e1t &#8211; az alv\u00e1st, a szoptat\u00e1st, babahordoz\u00e1st &#8211; v\u00e9gk\u00e9pp elsz\u00e1llt minden k\u00e9ts\u00e9g \u00e9s magabiztosan tudtam \u00e1llni a viharokat. Ezt a magabiztoss\u00e1got igyekszem \u00e1tadni az\u00f3ta is a hozz\u00e1m fordul\u00f3 any\u00e1knak. A gyerekeim m\u00e1r 11.5 \u00e9s 16 \u00e9vesek, de most is nagy nosztalgi\u00e1val gondolok vissza az els\u0151 \u00e9vekre, amiket t\u00f6bb inform\u00e1ci\u00f3val \u00e9s t\u00e1mogat\u00e1ssal sokkal k\u00f6nnyedebben vehettem volna.<\/p>\n<\/div>\n<\/div>\n\n\n\n<p class=\"has-text-align-center\">Ha elakadtatok \u00e9s seg\u00edts\u00e9get szeretn\u00e9l, keresd Szandit bizalommal!<\/p>\n\n\n\n<div class=\"wp-block-buttons is-layout-flex wp-block-buttons-is-layout-flex\">\n<div class=\"wp-block-button aligncenter\"><a class=\"wp-block-button__link wp-element-button\" href=\"https:\/\/profiszulo.hu\/termek\/baba-alvas-tanacsadas-alvasszakerto\/\">ALV\u00c1S TAN\u00c1CSAD\u00c1S<\/a><\/div>\n<\/div>","protected":false},"excerpt":{"rendered":"<p>Nem rontom el a bab\u00e1m, ha csak babahordoz\u00f3ban alszik el, folyton k\u00e9zben van \u00e9s menni kell vele? Bejegyz\u00e9s\u00fcnkben erre adunk Neked v\u00e1laszt!<\/p>","protected":false},"author":3,"featured_media":7804,"comment_status":"closed","ping_status":"closed","sticky":false,"template":"","format":"standard","meta":{"footnotes":""},"categories":[160,157,16],"tags":[167,162,166,165],"class_list":["post-7793","post","type-post","status-publish","format-standard","has-post-thumbnail","hentry","category-babak-altatasa","category-babahordozas","category-ema-design","tag-altatas-babahordozoban","tag-babahordozas","tag-babahordozo","tag-ema-design"],"yoast_head":"<!-- This site is optimized with the Yoast SEO plugin v27.5 - https:\/\/yoast.com\/product\/yoast-seo-wordpress\/ -->\n<title>Altat\u00e1s babahordoz\u00f3ban - ema design<\/title>\n<meta name=\"description\" content=\"Nem rontom el a bab\u00e1m, ha csak babahordoz\u00f3ban alszik el, folyton k\u00e9zben van \u00e9s menni kell vele? Bejegyz\u00e9s\u00fcnkben erre adunk Neked v\u00e1laszt!\" \/>\n<meta name=\"robots\" content=\"index, follow, max-snippet:-1, max-image-preview:large, max-video-preview:-1\" \/>\n<link rel=\"canonical\" href=\"https:\/\/emababy.com\/en\/2023\/05\/26\/altatas-babahordozoban\/\" \/>\n<meta property=\"og:locale\" content=\"en_US\" \/>\n<meta property=\"og:type\" content=\"article\" \/>\n<meta property=\"og:title\" content=\"Altat\u00e1s babahordoz\u00f3ban - ema design\" \/>\n<meta property=\"og:description\" content=\"Nem rontom el a bab\u00e1m, ha csak babahordoz\u00f3ban alszik el, folyton k\u00e9zben van \u00e9s menni kell vele? Bejegyz\u00e9s\u00fcnkben erre adunk Neked v\u00e1laszt!\" \/>\n<meta property=\"og:url\" content=\"https:\/\/emababy.com\/en\/2023\/05\/26\/altatas-babahordozoban\/\" \/>\n<meta property=\"og:site_name\" content=\"ema design\" \/>\n<meta property=\"article:publisher\" content=\"https:\/\/www.facebook.com\/emadesignbabycarriers\/\" \/>\n<meta property=\"article:published_time\" content=\"2023-05-26T07:26:40+00:00\" \/>\n<meta property=\"article:modified_time\" content=\"2024-02-04T08:27:27+00:00\" \/>\n<meta property=\"og:image\" content=\"https:\/\/emababy.com\/wp-content\/uploads\/2023\/05\/7C1B6458-7501-4C5F-B102-5507E8F3CF72.jpeg\" \/>\n\t<meta property=\"og:image:width\" content=\"1366\" \/>\n\t<meta property=\"og:image:height\" content=\"911\" \/>\n\t<meta property=\"og:image:type\" content=\"image\/jpeg\" \/>\n<meta name=\"author\" content=\"Kalm\u00e1r Szandi\" \/>\n<meta name=\"twitter:card\" content=\"summary_large_image\" \/>\n<meta name=\"twitter:label1\" content=\"Written by\" \/>\n\t<meta name=\"twitter:data1\" content=\"Kalm\u00e1r Szandi\" \/>\n\t<meta name=\"twitter:label2\" content=\"Est. reading time\" \/>\n\t<meta name=\"twitter:data2\" content=\"4 minutes\" \/>\n<script type=\"application\/ld+json\" class=\"yoast-schema-graph\">{\"@context\":\"https:\\\/\\\/schema.org\",\"@graph\":[{\"@type\":\"Article\",\"@id\":\"https:\\\/\\\/emababy.com\\\/2023\\\/05\\\/26\\\/altatas-babahordozoban\\\/#article\",\"isPartOf\":{\"@id\":\"https:\\\/\\\/emababy.com\\\/2023\\\/05\\\/26\\\/altatas-babahordozoban\\\/\"},\"author\":{\"name\":\"Kalm\u00e1r Szandi\",\"@id\":\"https:\\\/\\\/emababy.com\\\/#\\\/schema\\\/person\\\/e6df4003644f73437f626eafb9a29cfa\"},\"headline\":\"Altat\u00e1s babahordoz\u00f3ban\",\"datePublished\":\"2023-05-26T07:26:40+00:00\",\"dateModified\":\"2024-02-04T08:27:27+00:00\",\"mainEntityOfPage\":{\"@id\":\"https:\\\/\\\/emababy.com\\\/2023\\\/05\\\/26\\\/altatas-babahordozoban\\\/\"},\"wordCount\":882,\"publisher\":{\"@id\":\"https:\\\/\\\/emababy.com\\\/#organization\"},\"image\":{\"@id\":\"https:\\\/\\\/emababy.com\\\/2023\\\/05\\\/26\\\/altatas-babahordozoban\\\/#primaryimage\"},\"thumbnailUrl\":\"https:\\\/\\\/emababy.com\\\/wp-content\\\/uploads\\\/2023\\\/05\\\/7C1B6458-7501-4C5F-B102-5507E8F3CF72.jpeg\",\"keywords\":[\"altat\u00e1s babahordoz\u00f3ban\",\"babahordoz\u00e1s\",\"babahordoz\u00f3\",\"ema design\"],\"articleSection\":[\"altat\u00e1s\",\"babahordoz\u00e1s\",\"ema design\"],\"inLanguage\":\"en-US\"},{\"@type\":\"WebPage\",\"@id\":\"https:\\\/\\\/emababy.com\\\/2023\\\/05\\\/26\\\/altatas-babahordozoban\\\/\",\"url\":\"https:\\\/\\\/emababy.com\\\/2023\\\/05\\\/26\\\/altatas-babahordozoban\\\/\",\"name\":\"Altat\u00e1s babahordoz\u00f3ban - ema design\",\"isPartOf\":{\"@id\":\"https:\\\/\\\/emababy.com\\\/#website\"},\"primaryImageOfPage\":{\"@id\":\"https:\\\/\\\/emababy.com\\\/2023\\\/05\\\/26\\\/altatas-babahordozoban\\\/#primaryimage\"},\"image\":{\"@id\":\"https:\\\/\\\/emababy.com\\\/2023\\\/05\\\/26\\\/altatas-babahordozoban\\\/#primaryimage\"},\"thumbnailUrl\":\"https:\\\/\\\/emababy.com\\\/wp-content\\\/uploads\\\/2023\\\/05\\\/7C1B6458-7501-4C5F-B102-5507E8F3CF72.jpeg\",\"datePublished\":\"2023-05-26T07:26:40+00:00\",\"dateModified\":\"2024-02-04T08:27:27+00:00\",\"description\":\"Nem rontom el a bab\u00e1m, ha csak babahordoz\u00f3ban alszik el, folyton k\u00e9zben van \u00e9s menni kell vele? Bejegyz\u00e9s\u00fcnkben erre adunk Neked v\u00e1laszt!\",\"breadcrumb\":{\"@id\":\"https:\\\/\\\/emababy.com\\\/2023\\\/05\\\/26\\\/altatas-babahordozoban\\\/#breadcrumb\"},\"inLanguage\":\"en-US\",\"potentialAction\":[{\"@type\":\"ReadAction\",\"target\":[\"https:\\\/\\\/emababy.com\\\/2023\\\/05\\\/26\\\/altatas-babahordozoban\\\/\"]}]},{\"@type\":\"ImageObject\",\"inLanguage\":\"en-US\",\"@id\":\"https:\\\/\\\/emababy.com\\\/2023\\\/05\\\/26\\\/altatas-babahordozoban\\\/#primaryimage\",\"url\":\"https:\\\/\\\/emababy.com\\\/wp-content\\\/uploads\\\/2023\\\/05\\\/7C1B6458-7501-4C5F-B102-5507E8F3CF72.jpeg\",\"contentUrl\":\"https:\\\/\\\/emababy.com\\\/wp-content\\\/uploads\\\/2023\\\/05\\\/7C1B6458-7501-4C5F-B102-5507E8F3CF72.jpeg\",\"width\":1366,\"height\":911,\"caption\":\"alv\u00f3 baba babahordoz\u00f3ban\"},{\"@type\":\"BreadcrumbList\",\"@id\":\"https:\\\/\\\/emababy.com\\\/2023\\\/05\\\/26\\\/altatas-babahordozoban\\\/#breadcrumb\",\"itemListElement\":[{\"@type\":\"ListItem\",\"position\":1,\"name\":\"Home\",\"item\":\"https:\\\/\\\/emababy.com\\\/\"},{\"@type\":\"ListItem\",\"position\":2,\"name\":\"Altat\u00e1s babahordoz\u00f3ban\"}]},{\"@type\":\"WebSite\",\"@id\":\"https:\\\/\\\/emababy.com\\\/#website\",\"url\":\"https:\\\/\\\/emababy.com\\\/\",\"name\":\"ema design\",\"description\":\"Babahordoz\u00e1s st\u00edlusosan!\",\"publisher\":{\"@id\":\"https:\\\/\\\/emababy.com\\\/#organization\"},\"alternateName\":\"emababy\",\"potentialAction\":[{\"@type\":\"SearchAction\",\"target\":{\"@type\":\"EntryPoint\",\"urlTemplate\":\"https:\\\/\\\/emababy.com\\\/?s={search_term_string}\"},\"query-input\":{\"@type\":\"PropertyValueSpecification\",\"valueRequired\":true,\"valueName\":\"search_term_string\"}}],\"inLanguage\":\"en-US\"},{\"@type\":\"Organization\",\"@id\":\"https:\\\/\\\/emababy.com\\\/#organization\",\"name\":\"EmaDesign Bt.\",\"url\":\"https:\\\/\\\/emababy.com\\\/\",\"logo\":{\"@type\":\"ImageObject\",\"inLanguage\":\"en-US\",\"@id\":\"https:\\\/\\\/emababy.com\\\/#\\\/schema\\\/logo\\\/image\\\/\",\"url\":\"https:\\\/\\\/emababy.com\\\/wp-content\\\/uploads\\\/2023\\\/03\\\/cropped-logo_light_small.png\",\"contentUrl\":\"https:\\\/\\\/emababy.com\\\/wp-content\\\/uploads\\\/2023\\\/03\\\/cropped-logo_light_small.png\",\"width\":607,\"height\":80,\"caption\":\"EmaDesign Bt.\"},\"image\":{\"@id\":\"https:\\\/\\\/emababy.com\\\/#\\\/schema\\\/logo\\\/image\\\/\"},\"sameAs\":[\"https:\\\/\\\/www.facebook.com\\\/emadesignbabycarriers\\\/\",\"https:\\\/\\\/www.instagram.com\\\/emadesignbabycarriers\\\/\",\"https:\\\/\\\/www.youtube.com\\\/@ema_design\"]},{\"@type\":\"Person\",\"@id\":\"https:\\\/\\\/emababy.com\\\/#\\\/schema\\\/person\\\/e6df4003644f73437f626eafb9a29cfa\",\"name\":\"Kalm\u00e1r Szandi\",\"image\":{\"@type\":\"ImageObject\",\"inLanguage\":\"en-US\",\"@id\":\"https:\\\/\\\/secure.gravatar.com\\\/avatar\\\/e7f9b0fd2c266ba752e5d15c2657871aabf6d3b31d039830a3ea2c157471c063?s=96&d=blank&r=g\",\"url\":\"https:\\\/\\\/secure.gravatar.com\\\/avatar\\\/e7f9b0fd2c266ba752e5d15c2657871aabf6d3b31d039830a3ea2c157471c063?s=96&d=blank&r=g\",\"contentUrl\":\"https:\\\/\\\/secure.gravatar.com\\\/avatar\\\/e7f9b0fd2c266ba752e5d15c2657871aabf6d3b31d039830a3ea2c157471c063?s=96&d=blank&r=g\",\"caption\":\"Kalm\u00e1r Szandi\"},\"description\":\"Eml\u00e9kszem, amikor kb. 6 h\u00f3napos volt a l\u00e1nyom \u00e9s kezembe vettem Lieldoff Az elveszett boldogs\u00e1g nyom\u00e1ban c\u00edm\u0171 k\u00f6nyv\u00e9t. R\u00f6gt\u00f6n \u00e9reztem, hogy val\u00f3sz\u00edn\u0171leg ez az egyetlen k\u00f6nyv, amit \u00e9rdemes lett volna elolvasnom a bab\u00e1z\u00e1ssal kapcsolatban. Azonnal magamra is k\u00f6t\u00f6ttem a szekr\u00e9ny m\u00e9ly\u00e9n lapul\u00f3 kend\u0151be Lilit. Hirtelen elsz\u00e1llt minden ellen\u00e9rz\u00e9sem, hogy \u00e9n abba az anyag darabba be tudom \u0151t csavarni rendesen. H\u00e1t \u00edgy kezd\u0151d\u00f6tt minden... Onnant\u00f3l nem voltak k\u00e9rd\u00e9sek, vagy legal\u00e1bb is annyi \u00e9s nem olyan f\u00e1j\u00f3ak. Mert hallgathattam a sz\u00edvemre \u00e9s a meg\u00e9rz\u00e9seimre. A k\u00f6rnyezetemnek az\u00e9rt siker\u00fclt id\u0151r\u0151l-id\u0151re elbizonytalan\u00edtania, hogy nem j\u00f3, hogy folyton rajtam \\\"l\u00f3g\\\" a gyerek, meg micsoda k\u00eds\u00e9rletet csin\u00e1lok \u00e9n, hogy \u00edgy nevelem. De azt\u00e1n mikor form\u00e1lisabban is elkezdtem tanulni a t\u00e9m\u00e1t - az alv\u00e1st, a szoptat\u00e1st, babahordoz\u00e1st - v\u00e9gk\u00e9pp elsz\u00e1llt minden k\u00e9ts\u00e9g \u00e9s magabiztosan tudtam \u00e1llni a viharokat. Ezt a magabiztoss\u00e1got igyekszem \u00e1tadni az\u00f3ta is a hozz\u00e1m fordul\u00f3 any\u00e1knak. A gyerekeim m\u00e1r 11.5 \u00e9s 16 \u00e9vesek, de most is nagy nosztalgi\u00e1val gondolok vissza az els\u0151 \u00e9vekre, amiket t\u00f6bb inform\u00e1ci\u00f3val \u00e9s t\u00e1mogat\u00e1ssal sokkal k\u00f6nnyedebben vehettem volna.\",\"sameAs\":[\"https:\\\/\\\/profiszulo.hu\\\/termek\\\/baba-alvas-tanacsadas-alvasszakerto\\\/\",\"https:\\\/\\\/www.instagram.com\\\/alvastanacsok\\\/\",\"https:\\\/\\\/www.youtube.com\\\/playlist?list=PLA_rrMBZE2yywp3YsqiOI9XsU4hw1YLLI\"],\"url\":\"https:\\\/\\\/emababy.com\\\/en\\\/author\\\/kalmar-szandi\\\/\"}]}<\/script>\n<!-- \/ Yoast SEO plugin. -->","yoast_head_json":{"title":"Altat\u00e1s babahordoz\u00f3ban - ema design","description":"Nem rontom el a bab\u00e1m, ha csak babahordoz\u00f3ban alszik el, folyton k\u00e9zben van \u00e9s menni kell vele? Bejegyz\u00e9s\u00fcnkben erre adunk Neked v\u00e1laszt!","robots":{"index":"index","follow":"follow","max-snippet":"max-snippet:-1","max-image-preview":"max-image-preview:large","max-video-preview":"max-video-preview:-1"},"canonical":"https:\/\/emababy.com\/en\/2023\/05\/26\/altatas-babahordozoban\/","og_locale":"en_US","og_type":"article","og_title":"Altat\u00e1s babahordoz\u00f3ban - ema design","og_description":"Nem rontom el a bab\u00e1m, ha csak babahordoz\u00f3ban alszik el, folyton k\u00e9zben van \u00e9s menni kell vele? Bejegyz\u00e9s\u00fcnkben erre adunk Neked v\u00e1laszt!","og_url":"https:\/\/emababy.com\/en\/2023\/05\/26\/altatas-babahordozoban\/","og_site_name":"ema design","article_publisher":"https:\/\/www.facebook.com\/emadesignbabycarriers\/","article_published_time":"2023-05-26T07:26:40+00:00","article_modified_time":"2024-02-04T08:27:27+00:00","og_image":[{"width":1366,"height":911,"url":"https:\/\/emababy.com\/wp-content\/uploads\/2023\/05\/7C1B6458-7501-4C5F-B102-5507E8F3CF72.jpeg","type":"image\/jpeg"}],"author":"Kalm\u00e1r Szandi","twitter_card":"summary_large_image","twitter_misc":{"Written by":"Kalm\u00e1r Szandi","Est. reading time":"4 minutes"},"schema":{"@context":"https:\/\/schema.org","@graph":[{"@type":"Article","@id":"https:\/\/emababy.com\/2023\/05\/26\/altatas-babahordozoban\/#article","isPartOf":{"@id":"https:\/\/emababy.com\/2023\/05\/26\/altatas-babahordozoban\/"},"author":{"name":"Kalm\u00e1r Szandi","@id":"https:\/\/emababy.com\/#\/schema\/person\/e6df4003644f73437f626eafb9a29cfa"},"headline":"Altat\u00e1s babahordoz\u00f3ban","datePublished":"2023-05-26T07:26:40+00:00","dateModified":"2024-02-04T08:27:27+00:00","mainEntityOfPage":{"@id":"https:\/\/emababy.com\/2023\/05\/26\/altatas-babahordozoban\/"},"wordCount":882,"publisher":{"@id":"https:\/\/emababy.com\/#organization"},"image":{"@id":"https:\/\/emababy.com\/2023\/05\/26\/altatas-babahordozoban\/#primaryimage"},"thumbnailUrl":"https:\/\/emababy.com\/wp-content\/uploads\/2023\/05\/7C1B6458-7501-4C5F-B102-5507E8F3CF72.jpeg","keywords":["altat\u00e1s babahordoz\u00f3ban","babahordoz\u00e1s","babahordoz\u00f3","ema design"],"articleSection":["altat\u00e1s","babahordoz\u00e1s","ema design"],"inLanguage":"en-US"},{"@type":"WebPage","@id":"https:\/\/emababy.com\/2023\/05\/26\/altatas-babahordozoban\/","url":"https:\/\/emababy.com\/2023\/05\/26\/altatas-babahordozoban\/","name":"Altat\u00e1s babahordoz\u00f3ban - ema design","isPartOf":{"@id":"https:\/\/emababy.com\/#website"},"primaryImageOfPage":{"@id":"https:\/\/emababy.com\/2023\/05\/26\/altatas-babahordozoban\/#primaryimage"},"image":{"@id":"https:\/\/emababy.com\/2023\/05\/26\/altatas-babahordozoban\/#primaryimage"},"thumbnailUrl":"https:\/\/emababy.com\/wp-content\/uploads\/2023\/05\/7C1B6458-7501-4C5F-B102-5507E8F3CF72.jpeg","datePublished":"2023-05-26T07:26:40+00:00","dateModified":"2024-02-04T08:27:27+00:00","description":"Nem rontom el a bab\u00e1m, ha csak babahordoz\u00f3ban alszik el, folyton k\u00e9zben van \u00e9s menni kell vele? Bejegyz\u00e9s\u00fcnkben erre adunk Neked v\u00e1laszt!","breadcrumb":{"@id":"https:\/\/emababy.com\/2023\/05\/26\/altatas-babahordozoban\/#breadcrumb"},"inLanguage":"en-US","potentialAction":[{"@type":"ReadAction","target":["https:\/\/emababy.com\/2023\/05\/26\/altatas-babahordozoban\/"]}]},{"@type":"ImageObject","inLanguage":"en-US","@id":"https:\/\/emababy.com\/2023\/05\/26\/altatas-babahordozoban\/#primaryimage","url":"https:\/\/emababy.com\/wp-content\/uploads\/2023\/05\/7C1B6458-7501-4C5F-B102-5507E8F3CF72.jpeg","contentUrl":"https:\/\/emababy.com\/wp-content\/uploads\/2023\/05\/7C1B6458-7501-4C5F-B102-5507E8F3CF72.jpeg","width":1366,"height":911,"caption":"alv\u00f3 baba babahordoz\u00f3ban"},{"@type":"BreadcrumbList","@id":"https:\/\/emababy.com\/2023\/05\/26\/altatas-babahordozoban\/#breadcrumb","itemListElement":[{"@type":"ListItem","position":1,"name":"Home","item":"https:\/\/emababy.com\/"},{"@type":"ListItem","position":2,"name":"Altat\u00e1s babahordoz\u00f3ban"}]},{"@type":"WebSite","@id":"https:\/\/emababy.com\/#website","url":"https:\/\/emababy.com\/","name":"ema design","description":"Babahordoz\u00e1s st\u00edlusosan!","publisher":{"@id":"https:\/\/emababy.com\/#organization"},"alternateName":"emababy","potentialAction":[{"@type":"SearchAction","target":{"@type":"EntryPoint","urlTemplate":"https:\/\/emababy.com\/?s={search_term_string}"},"query-input":{"@type":"PropertyValueSpecification","valueRequired":true,"valueName":"search_term_string"}}],"inLanguage":"en-US"},{"@type":"Organization","@id":"https:\/\/emababy.com\/#organization","name":"EmaDesign Bt.","url":"https:\/\/emababy.com\/","logo":{"@type":"ImageObject","inLanguage":"en-US","@id":"https:\/\/emababy.com\/#\/schema\/logo\/image\/","url":"https:\/\/emababy.com\/wp-content\/uploads\/2023\/03\/cropped-logo_light_small.png","contentUrl":"https:\/\/emababy.com\/wp-content\/uploads\/2023\/03\/cropped-logo_light_small.png","width":607,"height":80,"caption":"EmaDesign Bt."},"image":{"@id":"https:\/\/emababy.com\/#\/schema\/logo\/image\/"},"sameAs":["https:\/\/www.facebook.com\/emadesignbabycarriers\/","https:\/\/www.instagram.com\/emadesignbabycarriers\/","https:\/\/www.youtube.com\/@ema_design"]},{"@type":"Person","@id":"https:\/\/emababy.com\/#\/schema\/person\/e6df4003644f73437f626eafb9a29cfa","name":"Kalm\u00e1r Szandi","image":{"@type":"ImageObject","inLanguage":"en-US","@id":"https:\/\/secure.gravatar.com\/avatar\/e7f9b0fd2c266ba752e5d15c2657871aabf6d3b31d039830a3ea2c157471c063?s=96&d=blank&r=g","url":"https:\/\/secure.gravatar.com\/avatar\/e7f9b0fd2c266ba752e5d15c2657871aabf6d3b31d039830a3ea2c157471c063?s=96&d=blank&r=g","contentUrl":"https:\/\/secure.gravatar.com\/avatar\/e7f9b0fd2c266ba752e5d15c2657871aabf6d3b31d039830a3ea2c157471c063?s=96&d=blank&r=g","caption":"Kalm\u00e1r Szandi"},"description":"Eml\u00e9kszem, amikor kb. 6 h\u00f3napos volt a l\u00e1nyom \u00e9s kezembe vettem Lieldoff Az elveszett boldogs\u00e1g nyom\u00e1ban c\u00edm\u0171 k\u00f6nyv\u00e9t. R\u00f6gt\u00f6n \u00e9reztem, hogy val\u00f3sz\u00edn\u0171leg ez az egyetlen k\u00f6nyv, amit \u00e9rdemes lett volna elolvasnom a bab\u00e1z\u00e1ssal kapcsolatban. Azonnal magamra is k\u00f6t\u00f6ttem a szekr\u00e9ny m\u00e9ly\u00e9n lapul\u00f3 kend\u0151be Lilit. Hirtelen elsz\u00e1llt minden ellen\u00e9rz\u00e9sem, hogy \u00e9n abba az anyag darabba be tudom \u0151t csavarni rendesen. H\u00e1t \u00edgy kezd\u0151d\u00f6tt minden... Onnant\u00f3l nem voltak k\u00e9rd\u00e9sek, vagy legal\u00e1bb is annyi \u00e9s nem olyan f\u00e1j\u00f3ak. Mert hallgathattam a sz\u00edvemre \u00e9s a meg\u00e9rz\u00e9seimre. A k\u00f6rnyezetemnek az\u00e9rt siker\u00fclt id\u0151r\u0151l-id\u0151re elbizonytalan\u00edtania, hogy nem j\u00f3, hogy folyton rajtam \"l\u00f3g\" a gyerek, meg micsoda k\u00eds\u00e9rletet csin\u00e1lok \u00e9n, hogy \u00edgy nevelem. De azt\u00e1n mikor form\u00e1lisabban is elkezdtem tanulni a t\u00e9m\u00e1t - az alv\u00e1st, a szoptat\u00e1st, babahordoz\u00e1st - v\u00e9gk\u00e9pp elsz\u00e1llt minden k\u00e9ts\u00e9g \u00e9s magabiztosan tudtam \u00e1llni a viharokat. Ezt a magabiztoss\u00e1got igyekszem \u00e1tadni az\u00f3ta is a hozz\u00e1m fordul\u00f3 any\u00e1knak. A gyerekeim m\u00e1r 11.5 \u00e9s 16 \u00e9vesek, de most is nagy nosztalgi\u00e1val gondolok vissza az els\u0151 \u00e9vekre, amiket t\u00f6bb inform\u00e1ci\u00f3val \u00e9s t\u00e1mogat\u00e1ssal sokkal k\u00f6nnyedebben vehettem volna.","sameAs":["https:\/\/profiszulo.hu\/termek\/baba-alvas-tanacsadas-alvasszakerto\/","https:\/\/www.instagram.com\/alvastanacsok\/","https:\/\/www.youtube.com\/playlist?list=PLA_rrMBZE2yywp3YsqiOI9XsU4hw1YLLI"],"url":"https:\/\/emababy.com\/en\/author\/kalmar-szandi\/"}]}},"_links":{"self":[{"href":"https:\/\/emababy.com\/en\/wp-json\/wp\/v2\/posts\/7793","targetHints":{"allow":["GET"]}}],"collection":[{"href":"https:\/\/emababy.com\/en\/wp-json\/wp\/v2\/posts"}],"about":[{"href":"https:\/\/emababy.com\/en\/wp-json\/wp\/v2\/types\/post"}],"author":[{"embeddable":true,"href":"https:\/\/emababy.com\/en\/wp-json\/wp\/v2\/users\/3"}],"replies":[{"embeddable":true,"href":"https:\/\/emababy.com\/en\/wp-json\/wp\/v2\/comments?post=7793"}],"version-history":[{"count":0,"href":"https:\/\/emababy.com\/en\/wp-json\/wp\/v2\/posts\/7793\/revisions"}],"wp:featuredmedia":[{"embeddable":true,"href":"https:\/\/emababy.com\/en\/wp-json\/wp\/v2\/media\/7804"}],"wp:attachment":[{"href":"https:\/\/emababy.com\/en\/wp-json\/wp\/v2\/media?parent=7793"}],"wp:term":[{"taxonomy":"category","embeddable":true,"href":"https:\/\/emababy.com\/en\/wp-json\/wp\/v2\/categories?post=7793"},{"taxonomy":"post_tag","embeddable":true,"href":"https:\/\/emababy.com\/en\/wp-json\/wp\/v2\/tags?post=7793"}],"curies":[{"name":"wp","href":"https:\/\/api.w.org\/{rel}","templated":true}]}}