{"id":8025,"date":"2023-07-05T14:33:07","date_gmt":"2023-07-05T12:33:07","guid":{"rendered":"https:\/\/emababy.com\/?p=8025"},"modified":"2023-07-08T09:46:37","modified_gmt":"2023-07-08T07:46:37","slug":"levendula-baba","status":"publish","type":"post","link":"https:\/\/emababy.com\/en\/2023\/07\/05\/levendula-baba\/","title":{"rendered":"A levendula \u00e1ld\u00e1sos hat\u00e1sa a bab\u00e1kra"},"content":{"rendered":"<p style=\"text-align: justify;\">Levendulavir\u00e1gz\u00e1s hallat\u00e1n nekem szikr\u00e1z\u00f3 naps\u00fct\u00e9s, finom illatok, nekt\u00e1rt gy\u0171jt\u0151 d\u00f6ngics\u00e9l\u0151 m\u00e9hek jutnak eszembe a v\u00e9gel\u00e1thatatlan lila francia levendulamez\u0151k\u00f6n. Mindig is szerettem volna eljutni Provanceba a j\u00faniusi vir\u00e1gz\u00e1s idej\u00e9n. Eddig m\u00e9g nem tudtam kipip\u00e1lni a bakancslist\u00e1mon, de ami k\u00e9sik nem m\u00falik.<\/p>\n\n\n<p class=\"has-text-align-justify\">Az elm\u00falt \u00e9vekben itthon viszont <a href=\"https:\/\/minimatine.hu\/levendulamezo-2023\/\" target=\"_blank\" rel=\"noreferrer noopener\" class=\"ek-link\">t\u00f6bb csod\u00e1latos levendula \u00fcltetv\u00e9ny<\/a>hez is volt lehet\u0151s\u00e9gem &nbsp;ell\u00e1togatni, ahol testk\u00f6zelb\u0151l tapasztalhattam meg a n\u00f6v\u00e9ny var\u00e1zs\u00e1t.<\/p>\n\n\n\n<p class=\"has-text-align-justify\">A levendula sokak sz\u00e1m\u00e1ra kedves, nemcsak illata miatt, hanem az\u00e9rt is, mert sz\u00e1mtalan m\u00f3don lehet felhaszn\u00e1lni vir\u00e1g\u00e1t \u00e9s a bel\u0151le nyert ill\u00f3olajat is, igazi jolly joker.<\/p>\n\n\n\n<figure class=\"wp-block-image size-large\"><a href=\"https:\/\/emababy.com\/en\/product\/ema-design-babahordozo\/\"><img loading=\"lazy\" decoding=\"async\" width=\"1024\" height=\"819\" src=\"https:\/\/emababy.com\/wp-content\/uploads\/2023\/07\/03A4F147-556B-4D76-A445-A7873A1F37F1-1024x819.jpeg\" alt=\"Levendul\u00e1sban anyuka a h\u00e1t\u00e1n babahordoz\u00f3ban kisbab\u00e1ja. \" class=\"wp-image-8030\" srcset=\"https:\/\/emababy.com\/wp-content\/uploads\/2023\/07\/03A4F147-556B-4D76-A445-A7873A1F37F1-1024x819.jpeg 1024w, https:\/\/emababy.com\/wp-content\/uploads\/2023\/07\/03A4F147-556B-4D76-A445-A7873A1F37F1-300x240.jpeg 300w, https:\/\/emababy.com\/wp-content\/uploads\/2023\/07\/03A4F147-556B-4D76-A445-A7873A1F37F1-768x615.jpeg 768w, https:\/\/emababy.com\/wp-content\/uploads\/2023\/07\/03A4F147-556B-4D76-A445-A7873A1F37F1-150x120.jpeg 150w, https:\/\/emababy.com\/wp-content\/uploads\/2023\/07\/03A4F147-556B-4D76-A445-A7873A1F37F1-1000x800.jpeg 1000w, https:\/\/emababy.com\/wp-content\/uploads\/2023\/07\/03A4F147-556B-4D76-A445-A7873A1F37F1.jpeg 1366w\" sizes=\"auto, (max-width: 1024px) 100vw, 1024px\" \/><\/a><\/figure>\n\n\n\n<h2 class=\"wp-block-heading\">A levendula r\u00e9gen<\/h2>\n\n\n\n<div class=\"wp-block-columns are-vertically-aligned-center is-layout-flex wp-container-core-columns-is-layout-9d6595d7 wp-block-columns-is-layout-flex\">\n<div class=\"wp-block-column is-vertically-aligned-center is-layout-flow wp-block-column-is-layout-flow\" style=\"flex-basis:66.66%\">\n<p class=\"has-text-align-justify\">Neve a latin lavare sz\u00f3b\u00f3l ered, melynek jelent\u00e9se: mosni. Az \u00f3kori r\u00f3maiak \u00e9s g\u00f6r\u00f6g\u00f6k f\u00fcrd\u0151viz\u00fckbe tett\u00e9k \u00e9s a vizet illatos\u00edtott\u00e1k vele, melyben ruh\u00e1ikat most\u00e1k. Az egyiptomiak is sz\u00edvesen alkalmazt\u00e1k, ken\u0151cs\u00f6ket k\u00e9sz\u00edtettek vele \u00e9s a balzsamoz\u00e1shoz is felhaszn\u00e1lt\u00e1k. A pestisj\u00e1rv\u00e1nyok idej\u00e9n \u00e9s a II. vil\u00e1gh\u00e1bor\u00faban pedig fert\u0151tlen\u00edt\u0151 hat\u00e1s\u00e1t haszn\u00e1lt\u00e1k ki.<\/p>\n\n\n\n<p class=\"has-text-align-justify\">Hagyom\u00e1nyosan a vir\u00e1got v\u00e1szonzs\u00e1kba gy\u0171jtik \u00e9s ruh\u00e1sszekr\u00e9nyek illatos\u00edt\u00e1s\u00e1ra, frissen tart\u00e1s\u00e1ra, rovarok t\u00e1voltart\u00e1s\u00e1ra haszn\u00e1lj\u00e1k. A konyh\u00e1ban finomdesszerteket, fagylatot vagy friss\u00edt\u0151 limon\u00e1d\u00e9t k\u00e9sz\u00edthet\u00fcnk vir\u00e1g\u00e1b\u00f3l, a gy\u00f3gy\u00e1szatban pedig nyugtat\u00f3, v\u00edzhajt\u00f3, em\u00e9szt\u00e9st jav\u00edt\u00f3 hat\u00e1s\u00e1t hat\u00e1sa miatt k\u00f6zkedvelt.<\/p>\n<\/div>\n\n\n\n<div class=\"wp-block-column is-vertically-aligned-center is-layout-flow wp-block-column-is-layout-flow\" style=\"flex-basis:33.33%\">\n<figure class=\"wp-block-image size-large\"><a href=\"https:\/\/emababy.com\/en\/product\/karikas-kendo-babahordozo\/\"><img loading=\"lazy\" decoding=\"async\" width=\"684\" height=\"1024\" src=\"https:\/\/emababy.com\/wp-content\/uploads\/2023\/07\/1430BB5F-F613-4CD0-9022-A804A046FC89-684x1024.jpeg\" alt=\"\" class=\"wp-image-8027\" srcset=\"https:\/\/emababy.com\/wp-content\/uploads\/2023\/07\/1430BB5F-F613-4CD0-9022-A804A046FC89-684x1024.jpeg 684w, https:\/\/emababy.com\/wp-content\/uploads\/2023\/07\/1430BB5F-F613-4CD0-9022-A804A046FC89-200x300.jpeg 200w, https:\/\/emababy.com\/wp-content\/uploads\/2023\/07\/1430BB5F-F613-4CD0-9022-A804A046FC89-768x1150.jpeg 768w, https:\/\/emababy.com\/wp-content\/uploads\/2023\/07\/1430BB5F-F613-4CD0-9022-A804A046FC89-100x150.jpeg 100w, https:\/\/emababy.com\/wp-content\/uploads\/2023\/07\/1430BB5F-F613-4CD0-9022-A804A046FC89.jpeg 912w\" sizes=\"auto, (max-width: 684px) 100vw, 684px\" \/><\/a><\/figure>\n<\/div>\n<\/div>\n\n\n\n<h2 class=\"wp-block-heading\">A levendula ma<\/h2>\n\n\n\n<p class=\"has-text-align-justify\">Az aromater\u00e1pi\u00e1ban \u00e9s kozmetikumokban szint\u00e9n sz\u00edvesen haszn\u00e1lj\u00e1k, mert nyugtat\u00f3an hat az irrit\u00e1lt b\u0151rre,&nbsp;sebgy\u00f3gy\u00edt\u00f3, bakt\u00e9rium-\u00e9s v\u00edrus\u00f6l\u0151, b\u0151rregener\u00e1l\u00f3, gyullad\u00e1scs\u00f6kkent\u0151, csillap\u00edtja a viszket\u00e9st.<\/p>\n\n\n\n<p class=\"has-text-align-justify\">Emellett a legbiztons\u00e1gosabb olajok k\u00f6z\u00e9 tartozik, bab\u00e1k \u00e9s gyermekek mellett is p\u00e1rologtathat\u00f3 \u00e9s az egyik legsz\u00e9lesebb k\u00f6r\u0171en haszn\u00e1lhat\u00f3 ill\u00f3olaj.<\/p>\n\n\n\n<h2 class=\"wp-block-heading\"><a href=\"https:\/\/shedo.hu\/\" class=\"ek-link\">Shedo Organic Cosmetics<\/a><\/h2>\n\n\n\n<figure class=\"wp-block-image size-large\"><a href=\"https:\/\/shedo.hu\/shedo-mano-testapolo-szaraz-borre-levendula-narancs-100ml\"><img loading=\"lazy\" decoding=\"async\" width=\"768\" height=\"1024\" src=\"https:\/\/emababy.com\/wp-content\/uploads\/2023\/07\/shedo_testapolo_levendula_narancs-768x1024.jpeg\" alt=\"\" class=\"wp-image-8036\" srcset=\"https:\/\/emababy.com\/wp-content\/uploads\/2023\/07\/shedo_testapolo_levendula_narancs-768x1024.jpeg 768w, https:\/\/emababy.com\/wp-content\/uploads\/2023\/07\/shedo_testapolo_levendula_narancs-225x300.jpeg 225w, https:\/\/emababy.com\/wp-content\/uploads\/2023\/07\/shedo_testapolo_levendula_narancs-1152x1536.jpeg 1152w, https:\/\/emababy.com\/wp-content\/uploads\/2023\/07\/shedo_testapolo_levendula_narancs-1536x2048.jpeg 1536w, https:\/\/emababy.com\/wp-content\/uploads\/2023\/07\/shedo_testapolo_levendula_narancs-113x150.jpeg 113w, https:\/\/emababy.com\/wp-content\/uploads\/2023\/07\/shedo_testapolo_levendula_narancs-1000x1333.jpeg 1000w, https:\/\/emababy.com\/wp-content\/uploads\/2023\/07\/shedo_testapolo_levendula_narancs-scaled.jpeg 1920w\" sizes=\"auto, (max-width: 768px) 100vw, 768px\" \/><\/a><\/figure>\n\n\n\n<p class=\"has-text-align-justify\">\u00c9n is sz\u00edvesen haszn\u00e1lom a babakozmetikumokban b\u0151rnyugtat\u00f3, regener\u00e1l\u00f3 hat\u00e1sa miatt \u00e9s mert kellemes vir\u00e1gos, f\u0171szeres illatot k\u00f6lcs\u00f6n\u00f6z a k\u00e9sz\u00edtm\u00e9nynek, j\u00f3l keverhet\u0151 \u00e9s j\u00f3l harmoniz\u00e1l m\u00e1s illatokkal, p\u00e9ld\u00e1ul a citrusf\u00e9l\u00e9kkel.<\/p>\n\n\n\n<p class=\"has-text-align-justify\">Ellazul\u00e1shoz, elcsendesed\u00e9shez is j\u00f3l passzolnak a levendul\u00e1s kozmetikumok, mert nem csak a b\u0151rre, hanem a l\u00e9lekre is nyugtat\u00f3 hat\u00e1ssal vannak.<\/p>\n\n\n\n<div class=\"wp-block-columns are-vertically-aligned-center is-layout-flex wp-container-core-columns-is-layout-9d6595d7 wp-block-columns-is-layout-flex\">\n<div class=\"wp-block-column is-vertically-aligned-center is-layout-flow wp-block-column-is-layout-flow\">\n<figure class=\"wp-block-image size-large\"><a href=\"https:\/\/emababy.com\/en\/product\/gyerekruha\/\"><img loading=\"lazy\" decoding=\"async\" width=\"683\" height=\"1024\" src=\"https:\/\/emababy.com\/wp-content\/uploads\/2023\/07\/1271CF4B-1E18-425B-8B21-3552F3DFA3D2-683x1024.jpeg\" alt=\"\" class=\"wp-image-8043\" srcset=\"https:\/\/emababy.com\/wp-content\/uploads\/2023\/07\/1271CF4B-1E18-425B-8B21-3552F3DFA3D2-683x1024.jpeg 683w, https:\/\/emababy.com\/wp-content\/uploads\/2023\/07\/1271CF4B-1E18-425B-8B21-3552F3DFA3D2-200x300.jpeg 200w, https:\/\/emababy.com\/wp-content\/uploads\/2023\/07\/1271CF4B-1E18-425B-8B21-3552F3DFA3D2-768x1152.jpeg 768w, https:\/\/emababy.com\/wp-content\/uploads\/2023\/07\/1271CF4B-1E18-425B-8B21-3552F3DFA3D2-100x150.jpeg 100w, https:\/\/emababy.com\/wp-content\/uploads\/2023\/07\/1271CF4B-1E18-425B-8B21-3552F3DFA3D2.jpeg 911w\" sizes=\"auto, (max-width: 683px) 100vw, 683px\" \/><\/a><\/figure>\n<\/div>\n\n\n\n<div class=\"wp-block-column is-vertically-aligned-center is-layout-flow wp-block-column-is-layout-flow\">\n<p class=\"has-text-align-justify\">Babakorban tal\u00e1n gyakrabban massz\u00edrozz\u00e1k gyermek\u00fcket a sz\u00fcl\u0151k \u00e9s nagyon is j\u00f3l teszik, mert a kisbab\u00e1knak legt\u00f6bbsz\u00f6r nagyon j\u00f3l esik \u00e9s a massz\u00e1zs bizony\u00edtottan kedvez\u0151 hat\u00e1ssal van a baba hangulat\u00e1ra, idegrendszeri-\u00e9s mozg\u00e1sfejl\u0151d\u00e9s\u00e9re \u00e9s ez egy rendszeres, min\u0151s\u00e9gi egy\u00fctt t\u00f6lt\u00f6tt id\u0151 lehet a sz\u00fcl\u0151vel. Az \u00e9rint\u00e9s, a meleg, b\u0151rkontaktus, a sim\u00edt\u00f3 mozdulatok biztons\u00e1got jelentenek a baba sz\u00e1m\u00e1ra, er\u0151s\u00f6dik a k\u00f6t\u0151d\u00e9s a sz\u00fcl\u0151 \u00e9s gyerek k\u00f6z\u00f6tt. Massz\u00e1zshoz v\u00e1laszhatunk olyan n\u00f6v\u00e9nyi olajkever\u00e9ket, ami laz\u00edt\u00f3 ill\u00f3olajokat tartalmaz, mint p\u00e9ld\u00e1ul a levendula.<\/p>\n<\/div>\n<\/div>\n\n\n\n<div class=\"wp-block-columns are-vertically-aligned-center is-layout-flex wp-container-core-columns-is-layout-9d6595d7 wp-block-columns-is-layout-flex\">\n<div class=\"wp-block-column is-vertically-aligned-center is-layout-flow wp-block-column-is-layout-flow\">\n<p class=\"has-text-align-justify\">Nagyobb gyerekek k\u00f6nnyen lehet, hogy nem engedik a klasszikus babamassz\u00e1zst, de levendul\u00e1s tusf\u00fcrd\u0151vel \u00e9s test\u00e1pol\u00f3val n\u00e1luk is pr\u00f3b\u00e1lkozhatunk, \u00edgy nemcsak a b\u0151r\u00fck lesz j\u00f3l hidrat\u00e1lt, hanem az ill\u00f3olajos kozmetikumok seg\u00edthetnek az esti elcsendesed\u00e9sben is.<\/p>\n\n\n\n<p class=\"has-text-align-justify\">N\u00e1lunk ez nagyon bev\u00e1lt. Kisfiam m\u00e1r 6 \u00e9ves, de mai napig az esti rutinunk r\u00e9sze a SHEDO levendula-narancs f\u00fcrdet\u0151 \u00e9s a levendula-narancs test\u00e1pol\u00f3. A benn\u00fck l\u00e9v\u0151 ill\u00f3olajok seg\u00edtenek r\u00e1hangol\u00f3dni az elalv\u00e1sra, m\u00e1sr\u00e9szt az \u00e9rint\u00e9sem, a k\u00f6zels\u00e9gem ad biztons\u00e1got sz\u00e1m\u00e1ra.<\/p>\n<\/div>\n\n\n\n<div class=\"wp-block-column is-vertically-aligned-center is-layout-flow wp-block-column-is-layout-flow\">\n<figure class=\"wp-block-image size-large\"><a href=\"https:\/\/shedo.hu\/shedo-mano-furdeto-levendula-narancs-200ml\"><img loading=\"lazy\" decoding=\"async\" width=\"768\" height=\"1024\" src=\"https:\/\/emababy.com\/wp-content\/uploads\/2023\/07\/shedo-levendula-narancs-furdeto-200ml-768x1024.jpeg\" alt=\"\" class=\"wp-image-8035\" srcset=\"https:\/\/emababy.com\/wp-content\/uploads\/2023\/07\/shedo-levendula-narancs-furdeto-200ml-768x1024.jpeg 768w, https:\/\/emababy.com\/wp-content\/uploads\/2023\/07\/shedo-levendula-narancs-furdeto-200ml-225x300.jpeg 225w, https:\/\/emababy.com\/wp-content\/uploads\/2023\/07\/shedo-levendula-narancs-furdeto-200ml-1152x1536.jpeg 1152w, https:\/\/emababy.com\/wp-content\/uploads\/2023\/07\/shedo-levendula-narancs-furdeto-200ml-1536x2048.jpeg 1536w, https:\/\/emababy.com\/wp-content\/uploads\/2023\/07\/shedo-levendula-narancs-furdeto-200ml-113x150.jpeg 113w, https:\/\/emababy.com\/wp-content\/uploads\/2023\/07\/shedo-levendula-narancs-furdeto-200ml-1000x1333.jpeg 1000w, https:\/\/emababy.com\/wp-content\/uploads\/2023\/07\/shedo-levendula-narancs-furdeto-200ml-scaled.jpeg 1920w\" sizes=\"auto, (max-width: 768px) 100vw, 768px\" \/><\/a><\/figure>\n<\/div>\n<\/div>\n\n\n\n<div class=\"wp-block-buttons is-content-justification-center is-layout-flex wp-container-core-buttons-is-layout-16018d1d wp-block-buttons-is-layout-flex\">\n<div class=\"wp-block-button has-custom-width wp-block-button__width-50 has-custom-font-size has-medium-font-size\"><a class=\"wp-block-button__link has-gutenberg-white-color has-text-color has-background wp-element-button\" href=\"https:\/\/shedo.hu\/\" style=\"background-color:#abd0d9\">Shedo Organic Cosmetics<\/a><\/div>\n<\/div>\n\n\n\n<hr class=\"wp-block-separator has-alpha-channel-opacity\"\/>\n\n\n\n<div class=\"wp-block-columns are-vertically-aligned-center is-layout-flex wp-container-core-columns-is-layout-9d6595d7 wp-block-columns-is-layout-flex\">\n<div class=\"wp-block-column is-vertically-aligned-center is-layout-flow wp-block-column-is-layout-flow\" style=\"flex-basis:33.33%\">\n<figure class=\"wp-block-gallery has-nested-images columns-default is-cropped wp-block-gallery-1 is-layout-flex wp-block-gallery-is-layout-flex\">\n<figure class=\"wp-block-image size-full\"><img loading=\"lazy\" decoding=\"async\" width=\"411\" height=\"576\" data-id=\"8057\" src=\"https:\/\/emababy.com\/wp-content\/uploads\/2023\/07\/shedo.jpeg\" alt=\"\" class=\"wp-image-8057\" srcset=\"https:\/\/emababy.com\/wp-content\/uploads\/2023\/07\/shedo.jpeg 411w, https:\/\/emababy.com\/wp-content\/uploads\/2023\/07\/shedo-214x300.jpeg 214w, https:\/\/emababy.com\/wp-content\/uploads\/2023\/07\/shedo-107x150.jpeg 107w\" sizes=\"auto, (max-width: 411px) 100vw, 411px\" \/><\/figure>\n<\/figure>\n<\/div>\n\n\n\n<div class=\"wp-block-column is-vertically-aligned-center is-layout-flow wp-block-column-is-layout-flow\" style=\"flex-basis:66.66%\">\n<p class=\"has-small-font-size\">Dr. Hal\u00e1sz D\u00f3ra &#8211; A szerz\u0151 <\/p>\n\n\n\n<p class=\"has-text-align-justify\" style=\"font-size:11px\">Dr Hal\u00e1sz D\u00f3ra vagyok, szakgy\u00f3gyszer\u00e9sz, feles\u00e9g \u00e9s egy gy\u00f6ny\u00f6r\u0171 kisfi\u00fa \u00e9desanyja. Gy\u00f3gyszer\u00e9szeti egyetemi tanulm\u00e1nyaim sor\u00e1n megismerkedhettem sz\u00e1mos term\u00e9szetes \u00e9s szintetikus vegy\u00fclet k\u00e9mi\u00e1j\u00e1val, tulajdons\u00e1gaival, hat\u00e1saival. Figyelmem hamar a term\u00e9szetes anyagok fel\u00e9 ir\u00e1nyult. &nbsp;A gy\u00f3gyn\u00f6v\u00e9nyek, n\u00f6v\u00e9nyi olajok \u00e9s ill\u00f3olajok ragadtak magukkal. Aromater\u00e1pi\u00e1s tanulm\u00e1nyaim sor\u00e1n elm\u00e9ly\u00fclten foglalkozhattam kedvenc olajaimmal. Ezen tud\u00e1sanyag birtok\u00e1ban m\u00e1r el\u00e9rhet\u0151nek bizonyult saj\u00e1t nat\u00farkozmetikumaim l\u00e9trehoz\u00e1sa, mellyel egy r\u00e9gi \u00e1lmom v\u00e1lt val\u00f3ra. Anyak\u00e9nt, keresztanyak\u00e9nt, bar\u00e1tn\u0151k\u00e9nt a mindennapos baba\u00e1pol\u00e1sban is szereztem tapasztalatot. \u00cdgy sz\u00fcletett meg a SHEDO Man\u00f3 baba\u00e1pol\u00e1si term\u00e9kcsal\u00e1d.<\/p>\n\n\n\n<p class=\"has-text-align-justify\" style=\"font-size:11px\">Kiemelked\u0151en fontosnak tal\u00e1lom a felhaszn\u00e1lt alapanyagok min\u0151s\u00e9g\u00e9t, ez\u00e9rt pr\u00e9mium min\u0151s\u00e9g\u0171, BIO min\u0151s\u00edt\u00e9s\u0171 n\u00f6v\u00e9nyi kivonatokat, n\u00f6v\u00e9nyi olajokat haszn\u00e1lok a term\u00e9kek elk\u00e9sz\u00edt\u00e9s\u00e9hez. Az ellen\u0151rz\u00f6tt \u00f6kol\u00f3giai gazdas\u00e1gb\u00f3l sz\u00e1rmaz\u00f3 alapanyagok el\u0151nye a konvencion\u00e1lis termeszt\u00e9sb\u0151l sz\u00e1rmaz\u00f3khoz k\u00e9pest, hogy nem tartalmaznak olyan vegyszer maradv\u00e1nyokat, amelyek megterhelhetik a b\u0151r\u00fcnket, szervezet\u00fcnket. Ennek kiemelked\u0151 jelent\u0151s\u00e9ge van a baba\u00e1pol\u00e1sban. Fontos, hogy a v\u00e9kony, \u00e9rz\u00e9keny, finom babab\u0151r tiszta, megb\u00edzhat\u00f3 forr\u00e1sb\u00f3l sz\u00e1rmaz\u00f3 anyagokkal \u00e9rintkezzen.<\/p>\n\n\n\n<p class=\"has-text-align-justify\" style=\"font-size:11px\">Pr\u00e9mium min\u0151s\u00e9g\u0171, 100% tisztas\u00e1g\u00fa, BIO \u00e9s Demeter min\u0151s\u00edt\u00e9s\u0171 ill\u00f3olajokat haszn\u00e1lok. A K\u00f6r\u00f6mvir\u00e1g balzsam kiv\u00e9tel\u00e9vel-mely BIO m\u00e9hviaszt tartalmaz- minden term\u00e9k veg\u00e1n. A term\u00e9kek frissen, k\u00e9zzel k\u00e9sz\u00fclnek, laborat\u00f3riumi k\u00f6r\u00fclm\u00e9nyek k\u00f6z\u00f6tt.<\/p>\n\n\n\n<p class=\"has-text-align-justify\" style=\"font-size:11px\">Csomagol\u00f3anyagk\u00e9nt korszer\u0171, airless technol\u00f3gi\u00e1val m\u0171k\u00f6d\u0151 flakonokat v\u00e1lasztottam a legt\u00f6bb term\u00e9k eset\u00e9n, mert ilyen form\u00e1ban biztons\u00e1gosan t\u00e1rolhat\u00f3k a kozmetikumok. A kupak egy l\u00e9gmentesen z\u00e1r\u00f3d\u00f3 szeleppel van ell\u00e1tva, \u00edgy nem \u00e9rintkezik leveg\u0151vel, szennyez\u0151 anyagokkal, ez\u00e1ltal meg\u0151rzi frissess\u00e9g\u00e9t. A k\u00f6rnyezetv\u00e9delem fontos sz\u00e1momra, ez\u00e9rt azokn\u00e1l a term\u00e9kekn\u00e9l, ahol az \u00f6sszet\u00e9tel megengedi k\u00f6rnyezetbar\u00e1t \u00fcveg \u00e9s f\u00e9m csomagol\u00f3anyagot haszn\u00e1lok, a gy\u00e1rt\u00e1s sor\u00e1n keletkez\u0151 hullad\u00e9kot pedig \u00fajrahasznos\u00edtom.<\/p>\n\n\n\n<p class=\"has-text-align-justify\" style=\"font-size:11px\">Nem haszn\u00e1lok mesters\u00e9ges sz\u00edn-\u00e9s illatanyagot, mesters\u00e9ges tart\u00f3s\u00edt\u00f3szert, parab\u00e9neket, SLS-t, k\u0151olajsz\u00e1rmaz\u00e9kokat.<\/p>\n\n\n\n<p class=\"has-text-align-justify\" style=\"font-size:11px\">C\u00e9lom, hogy min\u00e9l t\u00f6bb ember figyelm\u00e9t felh\u00edvjam a term\u00e9szetes, nat\u00farkozmetikumokkal t\u00f6rt\u00e9n\u0151 b\u0151r\u00e1pol\u00e1s fontoss\u00e1g\u00e1ra.<\/p>\n\n\n\n<p class=\"has-text-align-justify\" style=\"font-size:11px\">A SHEDO m\u00e1rk\u00e1t f\u00e9rjemmel, De\u00e1k Zolt\u00e1nnal k\u00f6z\u00f6sen alap\u00edtottuk \u00e9s egy\u00fctt dolgozunk a v\u00e1llalkoz\u00e1s siker\u00e9n.<\/p>\n<\/div>\n<\/div>","protected":false},"excerpt":{"rendered":"<p>Blogbejegyz\u00e9s\u00fcnkben arra adunk v\u00e1laszt, hogy a levendul\u00e1nak milyen j\u00f3t\u00e9kony hat\u00e1sa van bab\u00e1nkra. <\/p>","protected":false},"author":4,"featured_media":8074,"comment_status":"open","ping_status":"open","sticky":false,"template":"","format":"standard","meta":{"footnotes":""},"categories":[169],"tags":[],"class_list":["post-8025","post","type-post","status-publish","format-standard","has-post-thumbnail","hentry","category-babahordozas-melegben"],"yoast_head":"<!-- This site is optimized with the Yoast SEO plugin v27.5 - https:\/\/yoast.com\/product\/yoast-seo-wordpress\/ -->\n<title>A levendula \u00e1ld\u00e1sos hat\u00e1sa a bab\u00e1kra - ema design<\/title>\n<meta name=\"description\" content=\"Blogbejegyz\u00e9s\u00fcnkben arra adunk v\u00e1laszt, hogy a levendul\u00e1nak milyen j\u00f3t\u00e9kony hat\u00e1sa van bab\u00e1nkra. Ne habozzunk kihaszn\u00e1lni ezeket!\" \/>\n<meta name=\"robots\" content=\"index, follow, max-snippet:-1, max-image-preview:large, max-video-preview:-1\" \/>\n<link rel=\"canonical\" href=\"https:\/\/emababy.com\/en\/2023\/07\/05\/levendula-baba\/\" \/>\n<meta property=\"og:locale\" content=\"en_US\" \/>\n<meta property=\"og:type\" content=\"article\" \/>\n<meta property=\"og:title\" content=\"A levendula \u00e1ld\u00e1sos hat\u00e1sa a bab\u00e1kra - ema design\" \/>\n<meta property=\"og:description\" content=\"Blogbejegyz\u00e9s\u00fcnkben arra adunk v\u00e1laszt, hogy a levendul\u00e1nak milyen j\u00f3t\u00e9kony hat\u00e1sa van bab\u00e1nkra. Ne habozzunk kihaszn\u00e1lni ezeket!\" \/>\n<meta property=\"og:url\" content=\"https:\/\/emababy.com\/en\/2023\/07\/05\/levendula-baba\/\" \/>\n<meta property=\"og:site_name\" content=\"ema design\" \/>\n<meta property=\"article:publisher\" content=\"https:\/\/www.facebook.com\/emadesignbabycarriers\/\" \/>\n<meta property=\"article:published_time\" content=\"2023-07-05T12:33:07+00:00\" \/>\n<meta property=\"article:modified_time\" content=\"2023-07-08T07:46:37+00:00\" \/>\n<meta property=\"og:image\" content=\"https:\/\/emababy.com\/wp-content\/uploads\/2023\/07\/83F8E333-B0B0-45F7-BD54-68FF0CBA790E.jpeg\" \/>\n\t<meta property=\"og:image:width\" content=\"1366\" \/>\n\t<meta property=\"og:image:height\" content=\"910\" \/>\n\t<meta property=\"og:image:type\" content=\"image\/jpeg\" \/>\n<meta name=\"author\" content=\"Dr. Hal\u00e1sz D\u00f3ra\" \/>\n<meta name=\"twitter:card\" content=\"summary_large_image\" \/>\n<meta name=\"twitter:label1\" content=\"Written by\" \/>\n\t<meta name=\"twitter:data1\" content=\"Dr. Hal\u00e1sz D\u00f3ra\" \/>\n\t<meta name=\"twitter:label2\" content=\"Est. reading time\" \/>\n\t<meta name=\"twitter:data2\" content=\"5 minutes\" \/>\n<script type=\"application\/ld+json\" class=\"yoast-schema-graph\">{\"@context\":\"https:\\\/\\\/schema.org\",\"@graph\":[{\"@type\":\"Article\",\"@id\":\"https:\\\/\\\/emababy.com\\\/2023\\\/07\\\/05\\\/levendula-baba\\\/#article\",\"isPartOf\":{\"@id\":\"https:\\\/\\\/emababy.com\\\/2023\\\/07\\\/05\\\/levendula-baba\\\/\"},\"author\":{\"name\":\"Dr. Hal\u00e1sz D\u00f3ra\",\"@id\":\"https:\\\/\\\/emababy.com\\\/#\\\/schema\\\/person\\\/357e53554b2b110eecadc13137dc50f1\"},\"headline\":\"A levendula \u00e1ld\u00e1sos hat\u00e1sa a bab\u00e1kra\",\"datePublished\":\"2023-07-05T12:33:07+00:00\",\"dateModified\":\"2023-07-08T07:46:37+00:00\",\"mainEntityOfPage\":{\"@id\":\"https:\\\/\\\/emababy.com\\\/2023\\\/07\\\/05\\\/levendula-baba\\\/\"},\"wordCount\":1182,\"commentCount\":0,\"publisher\":{\"@id\":\"https:\\\/\\\/emababy.com\\\/#organization\"},\"image\":{\"@id\":\"https:\\\/\\\/emababy.com\\\/2023\\\/07\\\/05\\\/levendula-baba\\\/#primaryimage\"},\"thumbnailUrl\":\"https:\\\/\\\/emababy.com\\\/wp-content\\\/uploads\\\/2023\\\/07\\\/83F8E333-B0B0-45F7-BD54-68FF0CBA790E.jpeg\",\"articleSection\":[\"ny\u00e1r\"],\"inLanguage\":\"en-US\",\"potentialAction\":[{\"@type\":\"CommentAction\",\"name\":\"Comment\",\"target\":[\"https:\\\/\\\/emababy.com\\\/2023\\\/07\\\/05\\\/levendula-baba\\\/#respond\"]}]},{\"@type\":\"WebPage\",\"@id\":\"https:\\\/\\\/emababy.com\\\/2023\\\/07\\\/05\\\/levendula-baba\\\/\",\"url\":\"https:\\\/\\\/emababy.com\\\/2023\\\/07\\\/05\\\/levendula-baba\\\/\",\"name\":\"A levendula \u00e1ld\u00e1sos hat\u00e1sa a bab\u00e1kra - ema design\",\"isPartOf\":{\"@id\":\"https:\\\/\\\/emababy.com\\\/#website\"},\"primaryImageOfPage\":{\"@id\":\"https:\\\/\\\/emababy.com\\\/2023\\\/07\\\/05\\\/levendula-baba\\\/#primaryimage\"},\"image\":{\"@id\":\"https:\\\/\\\/emababy.com\\\/2023\\\/07\\\/05\\\/levendula-baba\\\/#primaryimage\"},\"thumbnailUrl\":\"https:\\\/\\\/emababy.com\\\/wp-content\\\/uploads\\\/2023\\\/07\\\/83F8E333-B0B0-45F7-BD54-68FF0CBA790E.jpeg\",\"datePublished\":\"2023-07-05T12:33:07+00:00\",\"dateModified\":\"2023-07-08T07:46:37+00:00\",\"description\":\"Blogbejegyz\u00e9s\u00fcnkben arra adunk v\u00e1laszt, hogy a levendul\u00e1nak milyen j\u00f3t\u00e9kony hat\u00e1sa van bab\u00e1nkra. Ne habozzunk kihaszn\u00e1lni ezeket!\",\"breadcrumb\":{\"@id\":\"https:\\\/\\\/emababy.com\\\/2023\\\/07\\\/05\\\/levendula-baba\\\/#breadcrumb\"},\"inLanguage\":\"en-US\",\"potentialAction\":[{\"@type\":\"ReadAction\",\"target\":[\"https:\\\/\\\/emababy.com\\\/2023\\\/07\\\/05\\\/levendula-baba\\\/\"]}]},{\"@type\":\"ImageObject\",\"inLanguage\":\"en-US\",\"@id\":\"https:\\\/\\\/emababy.com\\\/2023\\\/07\\\/05\\\/levendula-baba\\\/#primaryimage\",\"url\":\"https:\\\/\\\/emababy.com\\\/wp-content\\\/uploads\\\/2023\\\/07\\\/83F8E333-B0B0-45F7-BD54-68FF0CBA790E.jpeg\",\"contentUrl\":\"https:\\\/\\\/emababy.com\\\/wp-content\\\/uploads\\\/2023\\\/07\\\/83F8E333-B0B0-45F7-BD54-68FF0CBA790E.jpeg\",\"width\":1366,\"height\":910},{\"@type\":\"BreadcrumbList\",\"@id\":\"https:\\\/\\\/emababy.com\\\/2023\\\/07\\\/05\\\/levendula-baba\\\/#breadcrumb\",\"itemListElement\":[{\"@type\":\"ListItem\",\"position\":1,\"name\":\"Home\",\"item\":\"https:\\\/\\\/emababy.com\\\/\"},{\"@type\":\"ListItem\",\"position\":2,\"name\":\"A levendula \u00e1ld\u00e1sos hat\u00e1sa a bab\u00e1kra\"}]},{\"@type\":\"WebSite\",\"@id\":\"https:\\\/\\\/emababy.com\\\/#website\",\"url\":\"https:\\\/\\\/emababy.com\\\/\",\"name\":\"ema design\",\"description\":\"Babahordoz\u00e1s st\u00edlusosan!\",\"publisher\":{\"@id\":\"https:\\\/\\\/emababy.com\\\/#organization\"},\"alternateName\":\"emababy\",\"potentialAction\":[{\"@type\":\"SearchAction\",\"target\":{\"@type\":\"EntryPoint\",\"urlTemplate\":\"https:\\\/\\\/emababy.com\\\/?s={search_term_string}\"},\"query-input\":{\"@type\":\"PropertyValueSpecification\",\"valueRequired\":true,\"valueName\":\"search_term_string\"}}],\"inLanguage\":\"en-US\"},{\"@type\":\"Organization\",\"@id\":\"https:\\\/\\\/emababy.com\\\/#organization\",\"name\":\"EmaDesign Bt.\",\"url\":\"https:\\\/\\\/emababy.com\\\/\",\"logo\":{\"@type\":\"ImageObject\",\"inLanguage\":\"en-US\",\"@id\":\"https:\\\/\\\/emababy.com\\\/#\\\/schema\\\/logo\\\/image\\\/\",\"url\":\"https:\\\/\\\/emababy.com\\\/wp-content\\\/uploads\\\/2023\\\/03\\\/cropped-logo_light_small.png\",\"contentUrl\":\"https:\\\/\\\/emababy.com\\\/wp-content\\\/uploads\\\/2023\\\/03\\\/cropped-logo_light_small.png\",\"width\":607,\"height\":80,\"caption\":\"EmaDesign Bt.\"},\"image\":{\"@id\":\"https:\\\/\\\/emababy.com\\\/#\\\/schema\\\/logo\\\/image\\\/\"},\"sameAs\":[\"https:\\\/\\\/www.facebook.com\\\/emadesignbabycarriers\\\/\",\"https:\\\/\\\/www.instagram.com\\\/emadesignbabycarriers\\\/\",\"https:\\\/\\\/www.youtube.com\\\/@ema_design\"]},{\"@type\":\"Person\",\"@id\":\"https:\\\/\\\/emababy.com\\\/#\\\/schema\\\/person\\\/357e53554b2b110eecadc13137dc50f1\",\"name\":\"Dr. Hal\u00e1sz D\u00f3ra\",\"image\":{\"@type\":\"ImageObject\",\"inLanguage\":\"en-US\",\"@id\":\"https:\\\/\\\/secure.gravatar.com\\\/avatar\\\/82e1f5a572d8060126f6c81b05ca097be4e66a87c05ae5f3a687c9e477bd6406?s=96&d=blank&r=g\",\"url\":\"https:\\\/\\\/secure.gravatar.com\\\/avatar\\\/82e1f5a572d8060126f6c81b05ca097be4e66a87c05ae5f3a687c9e477bd6406?s=96&d=blank&r=g\",\"contentUrl\":\"https:\\\/\\\/secure.gravatar.com\\\/avatar\\\/82e1f5a572d8060126f6c81b05ca097be4e66a87c05ae5f3a687c9e477bd6406?s=96&d=blank&r=g\",\"caption\":\"Dr. Hal\u00e1sz D\u00f3ra\"},\"sameAs\":[\"https:\\\/\\\/shedo.hu\\\/\"],\"url\":\"https:\\\/\\\/emababy.com\\\/en\\\/author\\\/halaszdora\\\/\"}]}<\/script>\n<!-- \/ Yoast SEO plugin. -->","yoast_head_json":{"title":"A levendula \u00e1ld\u00e1sos hat\u00e1sa a bab\u00e1kra - ema design","description":"Blogbejegyz\u00e9s\u00fcnkben arra adunk v\u00e1laszt, hogy a levendul\u00e1nak milyen j\u00f3t\u00e9kony hat\u00e1sa van bab\u00e1nkra. Ne habozzunk kihaszn\u00e1lni ezeket!","robots":{"index":"index","follow":"follow","max-snippet":"max-snippet:-1","max-image-preview":"max-image-preview:large","max-video-preview":"max-video-preview:-1"},"canonical":"https:\/\/emababy.com\/en\/2023\/07\/05\/levendula-baba\/","og_locale":"en_US","og_type":"article","og_title":"A levendula \u00e1ld\u00e1sos hat\u00e1sa a bab\u00e1kra - ema design","og_description":"Blogbejegyz\u00e9s\u00fcnkben arra adunk v\u00e1laszt, hogy a levendul\u00e1nak milyen j\u00f3t\u00e9kony hat\u00e1sa van bab\u00e1nkra. Ne habozzunk kihaszn\u00e1lni ezeket!","og_url":"https:\/\/emababy.com\/en\/2023\/07\/05\/levendula-baba\/","og_site_name":"ema design","article_publisher":"https:\/\/www.facebook.com\/emadesignbabycarriers\/","article_published_time":"2023-07-05T12:33:07+00:00","article_modified_time":"2023-07-08T07:46:37+00:00","og_image":[{"width":1366,"height":910,"url":"https:\/\/emababy.com\/wp-content\/uploads\/2023\/07\/83F8E333-B0B0-45F7-BD54-68FF0CBA790E.jpeg","type":"image\/jpeg"}],"author":"Dr. Hal\u00e1sz D\u00f3ra","twitter_card":"summary_large_image","twitter_misc":{"Written by":"Dr. Hal\u00e1sz D\u00f3ra","Est. reading time":"5 minutes"},"schema":{"@context":"https:\/\/schema.org","@graph":[{"@type":"Article","@id":"https:\/\/emababy.com\/2023\/07\/05\/levendula-baba\/#article","isPartOf":{"@id":"https:\/\/emababy.com\/2023\/07\/05\/levendula-baba\/"},"author":{"name":"Dr. Hal\u00e1sz D\u00f3ra","@id":"https:\/\/emababy.com\/#\/schema\/person\/357e53554b2b110eecadc13137dc50f1"},"headline":"A levendula \u00e1ld\u00e1sos hat\u00e1sa a bab\u00e1kra","datePublished":"2023-07-05T12:33:07+00:00","dateModified":"2023-07-08T07:46:37+00:00","mainEntityOfPage":{"@id":"https:\/\/emababy.com\/2023\/07\/05\/levendula-baba\/"},"wordCount":1182,"commentCount":0,"publisher":{"@id":"https:\/\/emababy.com\/#organization"},"image":{"@id":"https:\/\/emababy.com\/2023\/07\/05\/levendula-baba\/#primaryimage"},"thumbnailUrl":"https:\/\/emababy.com\/wp-content\/uploads\/2023\/07\/83F8E333-B0B0-45F7-BD54-68FF0CBA790E.jpeg","articleSection":["ny\u00e1r"],"inLanguage":"en-US","potentialAction":[{"@type":"CommentAction","name":"Comment","target":["https:\/\/emababy.com\/2023\/07\/05\/levendula-baba\/#respond"]}]},{"@type":"WebPage","@id":"https:\/\/emababy.com\/2023\/07\/05\/levendula-baba\/","url":"https:\/\/emababy.com\/2023\/07\/05\/levendula-baba\/","name":"A levendula \u00e1ld\u00e1sos hat\u00e1sa a bab\u00e1kra - ema design","isPartOf":{"@id":"https:\/\/emababy.com\/#website"},"primaryImageOfPage":{"@id":"https:\/\/emababy.com\/2023\/07\/05\/levendula-baba\/#primaryimage"},"image":{"@id":"https:\/\/emababy.com\/2023\/07\/05\/levendula-baba\/#primaryimage"},"thumbnailUrl":"https:\/\/emababy.com\/wp-content\/uploads\/2023\/07\/83F8E333-B0B0-45F7-BD54-68FF0CBA790E.jpeg","datePublished":"2023-07-05T12:33:07+00:00","dateModified":"2023-07-08T07:46:37+00:00","description":"Blogbejegyz\u00e9s\u00fcnkben arra adunk v\u00e1laszt, hogy a levendul\u00e1nak milyen j\u00f3t\u00e9kony hat\u00e1sa van bab\u00e1nkra. Ne habozzunk kihaszn\u00e1lni ezeket!","breadcrumb":{"@id":"https:\/\/emababy.com\/2023\/07\/05\/levendula-baba\/#breadcrumb"},"inLanguage":"en-US","potentialAction":[{"@type":"ReadAction","target":["https:\/\/emababy.com\/2023\/07\/05\/levendula-baba\/"]}]},{"@type":"ImageObject","inLanguage":"en-US","@id":"https:\/\/emababy.com\/2023\/07\/05\/levendula-baba\/#primaryimage","url":"https:\/\/emababy.com\/wp-content\/uploads\/2023\/07\/83F8E333-B0B0-45F7-BD54-68FF0CBA790E.jpeg","contentUrl":"https:\/\/emababy.com\/wp-content\/uploads\/2023\/07\/83F8E333-B0B0-45F7-BD54-68FF0CBA790E.jpeg","width":1366,"height":910},{"@type":"BreadcrumbList","@id":"https:\/\/emababy.com\/2023\/07\/05\/levendula-baba\/#breadcrumb","itemListElement":[{"@type":"ListItem","position":1,"name":"Home","item":"https:\/\/emababy.com\/"},{"@type":"ListItem","position":2,"name":"A levendula \u00e1ld\u00e1sos hat\u00e1sa a bab\u00e1kra"}]},{"@type":"WebSite","@id":"https:\/\/emababy.com\/#website","url":"https:\/\/emababy.com\/","name":"ema design","description":"Babahordoz\u00e1s st\u00edlusosan!","publisher":{"@id":"https:\/\/emababy.com\/#organization"},"alternateName":"emababy","potentialAction":[{"@type":"SearchAction","target":{"@type":"EntryPoint","urlTemplate":"https:\/\/emababy.com\/?s={search_term_string}"},"query-input":{"@type":"PropertyValueSpecification","valueRequired":true,"valueName":"search_term_string"}}],"inLanguage":"en-US"},{"@type":"Organization","@id":"https:\/\/emababy.com\/#organization","name":"EmaDesign Bt.","url":"https:\/\/emababy.com\/","logo":{"@type":"ImageObject","inLanguage":"en-US","@id":"https:\/\/emababy.com\/#\/schema\/logo\/image\/","url":"https:\/\/emababy.com\/wp-content\/uploads\/2023\/03\/cropped-logo_light_small.png","contentUrl":"https:\/\/emababy.com\/wp-content\/uploads\/2023\/03\/cropped-logo_light_small.png","width":607,"height":80,"caption":"EmaDesign Bt."},"image":{"@id":"https:\/\/emababy.com\/#\/schema\/logo\/image\/"},"sameAs":["https:\/\/www.facebook.com\/emadesignbabycarriers\/","https:\/\/www.instagram.com\/emadesignbabycarriers\/","https:\/\/www.youtube.com\/@ema_design"]},{"@type":"Person","@id":"https:\/\/emababy.com\/#\/schema\/person\/357e53554b2b110eecadc13137dc50f1","name":"Dr. Hal\u00e1sz D\u00f3ra","image":{"@type":"ImageObject","inLanguage":"en-US","@id":"https:\/\/secure.gravatar.com\/avatar\/82e1f5a572d8060126f6c81b05ca097be4e66a87c05ae5f3a687c9e477bd6406?s=96&d=blank&r=g","url":"https:\/\/secure.gravatar.com\/avatar\/82e1f5a572d8060126f6c81b05ca097be4e66a87c05ae5f3a687c9e477bd6406?s=96&d=blank&r=g","contentUrl":"https:\/\/secure.gravatar.com\/avatar\/82e1f5a572d8060126f6c81b05ca097be4e66a87c05ae5f3a687c9e477bd6406?s=96&d=blank&r=g","caption":"Dr. Hal\u00e1sz D\u00f3ra"},"sameAs":["https:\/\/shedo.hu\/"],"url":"https:\/\/emababy.com\/en\/author\/halaszdora\/"}]}},"_links":{"self":[{"href":"https:\/\/emababy.com\/en\/wp-json\/wp\/v2\/posts\/8025","targetHints":{"allow":["GET"]}}],"collection":[{"href":"https:\/\/emababy.com\/en\/wp-json\/wp\/v2\/posts"}],"about":[{"href":"https:\/\/emababy.com\/en\/wp-json\/wp\/v2\/types\/post"}],"author":[{"embeddable":true,"href":"https:\/\/emababy.com\/en\/wp-json\/wp\/v2\/users\/4"}],"replies":[{"embeddable":true,"href":"https:\/\/emababy.com\/en\/wp-json\/wp\/v2\/comments?post=8025"}],"version-history":[{"count":0,"href":"https:\/\/emababy.com\/en\/wp-json\/wp\/v2\/posts\/8025\/revisions"}],"wp:featuredmedia":[{"embeddable":true,"href":"https:\/\/emababy.com\/en\/wp-json\/wp\/v2\/media\/8074"}],"wp:attachment":[{"href":"https:\/\/emababy.com\/en\/wp-json\/wp\/v2\/media?parent=8025"}],"wp:term":[{"taxonomy":"category","embeddable":true,"href":"https:\/\/emababy.com\/en\/wp-json\/wp\/v2\/categories?post=8025"},{"taxonomy":"post_tag","embeddable":true,"href":"https:\/\/emababy.com\/en\/wp-json\/wp\/v2\/tags?post=8025"}],"curies":[{"name":"wp","href":"https:\/\/api.w.org\/{rel}","templated":true}]}}