{"id":8378,"date":"2023-11-24T15:36:17","date_gmt":"2023-11-24T14:36:17","guid":{"rendered":"https:\/\/emababy.com\/?p=8378"},"modified":"2024-04-30T14:46:23","modified_gmt":"2024-04-30T12:46:23","slug":"miert-sir-babahordozoban","status":"publish","type":"post","link":"https:\/\/emababy.com\/en\/2023\/11\/24\/miert-sir-babahordozoban\/","title":{"rendered":"S\u00edr a babahordoz\u00f3ban? &#8211; Mi\u00e9rtek \u00e9s megold\u00e1sok"},"content":{"rendered":"<p class=\"has-text-align-justify\">A bab\u00e1k nem csak let\u00e9ve, nemcsak a babakocsiban, hanem bizony a babahordoz\u00f3ban is szoktak s\u00edrni. De h\u00e1t mi\u00e9rt? Nem az van, hogy testk\u00f6zelben megnyugszanak? Hogy beleteszem a babahordoz\u00f3 eszk\u00f6zbe \u00e9s m\u00e1r alszik is? <\/p>\n\n\n\n<figure class=\"wp-block-pullquote\"><blockquote><p>Akkor most van olyan baba, aki ezt m\u00e9gsem szereti?<br><strong>Nem, mi m\u00e9g nem l\u00e1ttunk ilyet! <\/strong><br><strong>A kisbaba hordoz\u00e1sra sz\u00fcletik, l\u00e9teleme a testk\u00f6zels\u00e9g. <\/strong><\/p><\/blockquote><\/figure>\n\n\n\n<p class=\"has-text-align-justify\">Vannak viszont ig\u00e9nyei, amelyeket ha nem el\u00e9g\u00edt\u00fcnk ki, akkor babahordoz\u00e1s ide vagy oda, term\u00e9szetesen hangot ad nekik. \u00c9letkoronk\u00e9nt elt\u00e9r\u0151, hogy mi\u00e9rt szoktak ny\u0171gl\u0151dni, panaszkodni a bab\u00e1k, amikor hordozni szeretn\u00e9nk \u0151ket.<\/p>\n\n\n\n<p>Most j\u00f6jj\u00f6n err\u0151l egy gyors lista, amelynek k\u00fcl\u00f6nb\u00f6z\u0151 pontjait k\u00fcl\u00f6n-k\u00fcl\u00f6n r\u00e9szletesen le\u00edrunk: hogyan juthatunk t\u00fal az egyes neh\u00e9zs\u00e9geken vagy ker\u00fclhetj\u00fck el teljesen ezeket a probl\u00e9m\u00e1kat. Milyen praktik\u00e1kkal, esetleges v\u00e1ltoztat\u00e1sokkal tudjuk harmonikuss\u00e1 tenni a babahordoz\u00e1st.<\/p>\n\n\n\n<h2 class=\"wp-block-heading\">Mi\u00e9rt s\u00edrhat a baba a hordoz\u00f3ban?<\/h2>\n\n\n\n<ul class=\"is-style-dashed wp-block-list\">\n<li><a href=\"#szopizni_szeretne\" class=\"ek-link\"><span style=\"text-decoration: underline;\" class=\"ek-underline\">szopizni, cumis\u00fcvegezni, cumizni szeretne<\/span><\/a><\/li>\n\n\n\n<li><a href=\"#almos\" class=\"ek-link\"><span style=\"text-decoration: underline;\" class=\"ek-underline\">\u00e1lmos<\/span><\/a><\/li>\n\n\n\n<li><a href=\"#mozgatasra_vagyik\" class=\"ek-link\"><span style=\"text-decoration: underline;\" class=\"ek-underline\">mozgat\u00e1sra v\u00e1gyik<\/span><\/a><\/li>\n\n\n\n<li><a href=\"#nem_lat_ki\" class=\"ek-link\"><span style=\"text-decoration: underline;\" class=\"ek-underline\">nem l\u00e1t ki<\/span><\/a><\/li>\n\n\n\n<li><a href=\"#melege_van\" class=\"ek-link\"><span style=\"text-decoration: underline;\" class=\"ek-underline\">melege van<\/span><\/a><\/li>\n\n\n\n<li><span style=\"text-decoration: underline;\" class=\"ek-underline\"><a href=\"#szabadon_szeretne_mozogni\" class=\"ek-link\">szabadon szeretne mozogni<\/a>.<\/span><\/li>\n<\/ul>\n\n\n\n<h2 class=\"wp-block-heading\" id=\"szopizni_szeretne\">Szopizni szeretne<\/h2>\n\n\n\n<div class=\"wp-block-columns are-vertically-aligned-center is-layout-flex wp-container-core-columns-is-layout-9d6595d7 wp-block-columns-is-layout-flex\">\n<div class=\"wp-block-column is-vertically-aligned-center is-layout-flow wp-block-column-is-layout-flow\">\n<p class=\"has-text-align-justify\">Egy pici baba, kis t\u00falz\u00e1ssal, szinte eg\u00e9sz nap szopizni szeretne. Ha beker\u00fcl a babahordoz\u00f3ba, akkor sokszor m\u00e9g ink\u00e1bb szopizni szeretne. Teh\u00e1t min\u00e9l kisebb a baba, ann\u00e1l val\u00f3sz\u00edn\u0171bb, hogy ha s\u00edr a hordoz\u00f3ban, annak ez lesz az oka. Ez bizony akkor is lehets\u00e9ges, ha \u00e9ppen megszoptattam\/megcumiztattam, miel\u0151tt magamra vettem. Lehet, hogy a bab\u00e1m m\u00e1r nem \u00e9hes, de nagyon gyakran a megnyugv\u00e1shoz, az elalv\u00e1shoz m\u00e9g sz\u00fcks\u00e9ge van a szop\u00f3 mozg\u00e1sra, a foly\u00f3 tejre.<\/p>\n\n\n\n<p>Akkor mit tegyek? Hogyan hordozzam, ha folyton szopizna?<\/p>\n<\/div>\n\n\n\n<div class=\"wp-block-column is-vertically-aligned-center is-layout-flow wp-block-column-is-layout-flow\">\n<figure class=\"wp-block-gallery has-nested-images columns-default is-cropped wp-block-gallery-1 is-layout-flex wp-block-gallery-is-layout-flex\">\n<figure class=\"wp-block-image\"><a href=\"https:\/\/emababy-com.preview-domain.com\/product\/timeless-treasure-momdress\/?attribute_pa_szin=orgona\"><img loading=\"lazy\" decoding=\"async\" width=\"1920\" height=\"2560\" data-id=\"8390\" src=\"https:\/\/emababy-com.preview-domain.com\/wp-content\/uploads\/2023\/11\/photo-output_4-scaled.jpeg\" alt=\"\" class=\"wp-image-8390\" srcset=\"https:\/\/emababy.com\/wp-content\/uploads\/2023\/11\/photo-output_4-scaled.jpeg 1920w, https:\/\/emababy.com\/wp-content\/uploads\/2023\/11\/photo-output_4-225x300.jpeg 225w, https:\/\/emababy.com\/wp-content\/uploads\/2023\/11\/photo-output_4-768x1024.jpeg 768w, https:\/\/emababy.com\/wp-content\/uploads\/2023\/11\/photo-output_4-1152x1536.jpeg 1152w, https:\/\/emababy.com\/wp-content\/uploads\/2023\/11\/photo-output_4-1536x2048.jpeg 1536w, https:\/\/emababy.com\/wp-content\/uploads\/2023\/11\/photo-output_4-113x150.jpeg 113w, https:\/\/emababy.com\/wp-content\/uploads\/2023\/11\/photo-output_4-1000x1333.jpeg 1000w\" sizes=\"auto, (max-width: 1920px) 100vw, 1920px\" \/><\/a><\/figure>\n<\/figure>\n<\/div>\n<\/div>\n\n\n\n<div class=\"wp-block-columns are-vertically-aligned-center is-layout-flex wp-container-core-columns-is-layout-9d6595d7 wp-block-columns-is-layout-flex\">\n<div class=\"wp-block-column is-vertically-aligned-center is-layout-flow wp-block-column-is-layout-flow\">\n<figure class=\"wp-block-gallery has-nested-images columns-default is-cropped wp-block-gallery-2 is-layout-flex wp-block-gallery-is-layout-flex\">\n<figure class=\"wp-block-image size-large\"><a href=\"https:\/\/emababy-com.preview-domain.com\/product\/flawless-fantasy-momdress\/?attribute_pa_szin=puder\"><img loading=\"lazy\" decoding=\"async\" width=\"768\" height=\"1024\" data-id=\"8389\" src=\"https:\/\/emababy-com.preview-domain.com\/wp-content\/uploads\/2023\/11\/photo-output_5-768x1024.jpeg\" alt=\"\" class=\"wp-image-8389\" srcset=\"https:\/\/emababy.com\/wp-content\/uploads\/2023\/11\/photo-output_5-768x1024.jpeg 768w, https:\/\/emababy.com\/wp-content\/uploads\/2023\/11\/photo-output_5-225x300.jpeg 225w, https:\/\/emababy.com\/wp-content\/uploads\/2023\/11\/photo-output_5-1152x1536.jpeg 1152w, https:\/\/emababy.com\/wp-content\/uploads\/2023\/11\/photo-output_5-1536x2048.jpeg 1536w, https:\/\/emababy.com\/wp-content\/uploads\/2023\/11\/photo-output_5-113x150.jpeg 113w, https:\/\/emababy.com\/wp-content\/uploads\/2023\/11\/photo-output_5-1000x1333.jpeg 1000w, https:\/\/emababy.com\/wp-content\/uploads\/2023\/11\/photo-output_5-scaled.jpeg 1920w\" sizes=\"auto, (max-width: 768px) 100vw, 768px\" \/><\/a><\/figure>\n<\/figure>\n<\/div>\n\n\n\n<div class=\"wp-block-column is-vertically-aligned-center is-layout-flow wp-block-column-is-layout-flow\">\n<p>Megtehetem, hogy kiveszem a hordoz\u00f3b\u00f3l, megszoptatom\/megcumiztatom, majd \u00fajra pr\u00f3b\u00e1lkozok a babahordoz\u00e1ssal. Bab\u00e1ja v\u00e1logatja, hogy h\u00e1ny ilyen k\u00f6rre van sz\u00fcks\u00e9g a nyugalomhoz.<\/p>\n<\/div>\n<\/div>\n\n\n\n<p class=\"has-text-align-justify\">Ha szeretn\u00e9k, szoptathatok \/ etethetek \/ cumiztathatok a babahordoz\u00f3ban is. Ennek nagy el\u0151nye, hogy \u2013 ha m\u00e1r el\u00e9gg\u00e9 rutinosak vagyunk \u2013 az \u00e9let k\u00f6zben zajlik tov\u00e1bb. R\u00e1ad\u00e1sul a hordoz\u00f3 szoros \u00f6lel\u00e9s\u00e9ben, egy kis mozg\u00e1ssal egybek\u00f6tve val\u00f3sz\u00edn\u0171leg gyorsabban meg tudjuk nyugtatni a bab\u00e1t \u00e9s ut\u00e1na nem kell \u00fajrakezden\u00fcnk a k\u00f6t\u00f6z\u00e9st. Szinte minden hordoz\u00f3eszk\u00f6z alkalmas erre, a <a href=\"https:\/\/emababy-com.preview-domain.com\/product\/ema-design-babahordozo\/\" class=\"ek-link\">mei tai<\/a>ban el\u00f6l \u00e9s cs\u00edp\u0151n hordozva is pr\u00f3b\u00e1lkozhatunk \u00e9s a <a href=\"https:\/\/emababy-com.preview-domain.com\/product\/karikas-kendo-babahordozo\/\" class=\"ek-link\">karik\u00e1s kend\u0151<\/a> pedig az igazi hordoz\u00f3s-szoptat\u00f3s csodaeszk\u00f6z.<\/p>\n\n\n\n<p class=\"has-text-align-justify\">Ha mei taiban el\u00f6l hordozunk, akkor szoptat\u00e1shoz laz\u00edtsunk a v\u00e1llp\u00e1ntokon \u00e9s engedj\u00fck lejjebb a bab\u00e1t. A k\u00e9nyelmes szoptat\u00f3s magass\u00e1g el\u00e9r\u00e9s\u00e9hez elk\u00e9pzelhet\u0151, hogy a der\u00e9kp\u00e1ntot is picit lejjebb kell tenn\u00fcnk. Ha megtal\u00e1ltuk a megfelel\u0151 magass\u00e1got \u00e9s a baba elkezdett szopizni, k\u00f6ss\u00fck meg \u00fajra a v\u00e1llp\u00e1ntokat. Arra figyelj\u00fcnk, hogy szoptat\u00e1skor a baba fej\u00e9t ne vagy csak annyira t\u00e1masszuk meg, hogy b\u00e1rmikor el tudja engedni a mellet.<\/p>\n\n\n\n<p class=\"has-text-align-justify\">Cs\u00edp\u0151n hordozva is val\u00f3sz\u00edn\u0171leg lejjebb kell engedn\u00fcnk egy picit a bab\u00e1t a szopiz\u00e1shoz a p\u00e1ntok meglaz\u00edt\u00e1s\u00e1val majd \u00fajrak\u00f6t\u00e9s\u00e9vel, karik\u00e1s eset\u00e9ben pedig a k\u00f6t\u00e9s laz\u00edt\u00e1s\u00e1val.<\/p>\n\n\n\n<p class=\"has-text-align-justify\">Ha befejezte a baba a szopiz\u00e1st, akkor rakjuk \u0151t vissza a sz\u00e1munkra k\u00e9nyelmes hordoz\u00f3s magass\u00e1gba \u00e9s h\u00fazzuk feszesre babahordoz\u00f3 eszk\u00f6z\u00fcnket. <\/p>\n\n\n\n<p class=\"has-text-align-justify\">Cumis\u00fcvegez\u00e9sn\u00e9l azt n\u00e9zz\u00fck meg, hogy milyen magass\u00e1gban kell lennie ahhoz a bab\u00e1nak, hogy sz\u00e1m\u00e1ra \u00e9s sz\u00e1munkra is k\u00e9nyelmesen tudjuk neki tartani az \u00fcveget. Ebben az esetben nem is biztos hogy v\u00e1ltoztatnunk kell a kiindul\u00f3 be\u00e1ll\u00edt\u00e1son.<\/p>\n\n\n\n<p class=\"has-text-align-center\">OLVASD EL SZOPTAT\u00c1S BABAHORDOZ\u00d3BAN BLOGBEJEGYZ\u00c9S\u00dcNKET IS<\/p>\n\n\n\n<div class=\"wp-block-buttons is-content-justification-center is-layout-flex wp-container-core-buttons-is-layout-16018d1d wp-block-buttons-is-layout-flex\">\n<div class=\"wp-block-button has-custom-font-size has-small-font-size\"><a class=\"wp-block-button__link wp-element-button\" href=\"https:\/\/emababy-com.preview-domain.com\/2023\/09\/27\/babahordozoban-szoptatas\/\">ELOLVASOM<\/a><\/div>\n<\/div>\n\n\n\n<figure class=\"wp-block-gallery has-nested-images columns-default is-cropped wp-block-gallery-3 is-layout-flex wp-block-gallery-is-layout-flex\">\n<figure class=\"wp-block-image size-large is-style-default\"><a href=\"https:\/\/emababy-com.preview-domain.com\/product\/ema-design-babahordozo\/?attribute_pa_szin=napsarga\"><img loading=\"lazy\" decoding=\"async\" width=\"768\" height=\"1024\" data-id=\"8393\" src=\"https:\/\/emababy-com.preview-domain.com\/wp-content\/uploads\/2023\/11\/photo-output_1-768x1024.jpeg\" alt=\"\" class=\"wp-image-8393\" srcset=\"https:\/\/emababy.com\/wp-content\/uploads\/2023\/11\/photo-output_1-768x1024.jpeg 768w, https:\/\/emababy.com\/wp-content\/uploads\/2023\/11\/photo-output_1-225x300.jpeg 225w, https:\/\/emababy.com\/wp-content\/uploads\/2023\/11\/photo-output_1-1152x1536.jpeg 1152w, https:\/\/emababy.com\/wp-content\/uploads\/2023\/11\/photo-output_1-1536x2048.jpeg 1536w, https:\/\/emababy.com\/wp-content\/uploads\/2023\/11\/photo-output_1-112x150.jpeg 112w, https:\/\/emababy.com\/wp-content\/uploads\/2023\/11\/photo-output_1-1000x1334.jpeg 1000w, https:\/\/emababy.com\/wp-content\/uploads\/2023\/11\/photo-output_1-scaled.jpeg 1920w\" sizes=\"auto, (max-width: 768px) 100vw, 768px\" \/><\/a><\/figure>\n<\/figure>\n\n\n\n<p class=\"has-text-align-justify\">Ha cumis a bab\u00e1nk, akkor sokszor a nyugtat\u00f3cumi is el\u00e9g neki az ellazul\u00e1shoz, elalv\u00e1shoz.<\/p>\n\n\n\n<h2 class=\"wp-block-heading\" id=\"almos\">\u00c1lmos<\/h2>\n\n\n\n<p class=\"has-text-align-justify\">A bab\u00e1knak seg\u00edts\u00e9gre van sz\u00fcks\u00e9g\u00fck az elalv\u00e1shoz. Kinek kevesebbre, kinek t\u00f6bbre. Van olyan baba, aki ha \u00e1lmos \u00e9s felvessz\u00fck a hordoz\u00f3ba, akkor hopp, m\u00e1r alszik is. \u00c9s vannak a t\u00f6bbiek, akiknek testk\u00f6zelben, egy hordoz\u00f3 szoros \u00f6lel\u00e9s\u00e9ben is neh\u00e9z elaludniuk.<\/p>\n\n\n\n<p>Hogyan seg\u00edts\u00fcnk nekik?<\/p>\n\n\n\n<p class=\"has-text-align-justify\">Ha szopizik a bab\u00e1nk, akkor megszoptathatjuk \u0151t a hordoz\u00f3ban is. Ha nem szoptatunk, akkor k\u00edn\u00e1lhatjuk a bab\u00e1t a hordoz\u00f3ban is cumis\u00fcveggel vagy cumival.<\/p>\n\n\n\n<p>Olyan is van, amikor elegend\u0151, ha mozg\u00e1sban vagyunk, \u00e9s \u00edgy ringatjuk \u00e1lomba a bab\u00e1nkat. Ha \u00e9ppen s\u00e9t\u00e1lunk valahol, akkor ez adja mag\u00e1t, ha otthon vagyunk, akkor lehet t\u00e1ncolni, guggolgatni, tenni-venni a lak\u00e1sban, de ha ink\u00e1bb k\u00edm\u00e9ln\u00e9nk magunkat, akkor titkos csodafegyver a fitnesz labd\u00e1n val\u00f3 rug\u00f3z\u00e1s.<\/p>\n\n\n\n<div class=\"wp-block-columns is-layout-flex wp-container-core-columns-is-layout-9d6595d7 wp-block-columns-is-layout-flex\">\n<div class=\"wp-block-column is-vertically-aligned-center is-layout-flow wp-block-column-is-layout-flow\" style=\"flex-basis:33.33%\">\n<figure class=\"wp-block-gallery has-nested-images columns-default is-cropped wp-block-gallery-4 is-layout-flex wp-block-gallery-is-layout-flex\">\n<figure class=\"wp-block-image size-large\"><a href=\"https:\/\/emababy-com.preview-domain.com\/product\/ema-design-babahordozo\/?attribute_pa_szin=puder\"><img loading=\"lazy\" decoding=\"async\" width=\"768\" height=\"1024\" data-id=\"8391\" src=\"https:\/\/emababy-com.preview-domain.com\/wp-content\/uploads\/2023\/11\/photo-output_3-768x1024.jpeg\" alt=\"\" class=\"wp-image-8391\" srcset=\"https:\/\/emababy.com\/wp-content\/uploads\/2023\/11\/photo-output_3-768x1024.jpeg 768w, https:\/\/emababy.com\/wp-content\/uploads\/2023\/11\/photo-output_3-225x300.jpeg 225w, https:\/\/emababy.com\/wp-content\/uploads\/2023\/11\/photo-output_3-1151x1536.jpeg 1151w, https:\/\/emababy.com\/wp-content\/uploads\/2023\/11\/photo-output_3-1535x2048.jpeg 1535w, https:\/\/emababy.com\/wp-content\/uploads\/2023\/11\/photo-output_3-112x150.jpeg 112w, https:\/\/emababy.com\/wp-content\/uploads\/2023\/11\/photo-output_3-1000x1334.jpeg 1000w, https:\/\/emababy.com\/wp-content\/uploads\/2023\/11\/photo-output_3-scaled.jpeg 1919w\" sizes=\"auto, (max-width: 768px) 100vw, 768px\" \/><\/a><\/figure>\n<\/figure>\n<\/div>\n\n\n\n<div class=\"wp-block-column is-vertically-aligned-center is-layout-flow wp-block-column-is-layout-flow\" style=\"flex-basis:66.66%\">\n<p class=\"has-text-align-justify\">Ha elaludt a bab\u00e1nk, akkor maradhat rajtunk a hordoz\u00f3ban. Ilyenkor j\u00f6n j\u00f3l az alv\u00f3csuklya, amelyet az ema design mei tai-on egy rejtett zsebben tal\u00e1ltok. A legt\u00f6bb esetben \u00e9rdemes v\u00e1rni egy picit elalv\u00e1s ut\u00e1n a kapucni r\u00f6gz\u00edt\u00e9s\u00e9vel \u00e9s\/vagy ek\u00f6zben is mozogni, hogy biztosan ne \u00e9bredjen fel a baba a macer\u00e1l\u00e1sra.<\/p>\n<\/div>\n<\/div>\n\n\n\n<p>Persze le is tehetj\u00fck az alv\u00f3 bab\u00e1t. Arra, hogy ek\u00f6zben ne \u00e9bredjen fel, sajnos nincs t\u00f6k\u00e9letes m\u00f3dszer. Gyerekenk\u00e9nt \u00e9s \u00e9letkoronk\u00e9nt is v\u00e1ltozik, hogy letehet\u0151k-e alv\u00e1s k\u00f6zben.<\/p>\n\n\n\n<h2 class=\"wp-block-heading has-text-align-justify\" id=\"mozgatasra_vagyik\">Mozgat\u00e1sra v\u00e1gyik<\/h2>\n\n\n\n<p class=\"has-text-align-justify\">A bab\u00e1k nem szeretik, ha egy helyben \u00e1llunk vel\u00fck. A mozgat\u00e1s, a ringat\u00e1s megnyugtatja \u0151ket \u00e9s szinte folyamatosan ig\u00e9nylik. A babahordoz\u00f3ban is. M\u00e1r az eszk\u00f6z felv\u00e9tele k\u00f6zben is. S\u0151t! A hordoz\u00f3 megk\u00f6t\u00e9se a bab\u00e1nak sokszor macera. Ha ny\u0171gl\u0151dik k\u00f6zben, nyugodtan hagyjuk abba kicsit a k\u00f6t\u00e9st \u00e9s pr\u00f3b\u00e1ljuk meg s\u00e9t\u00e1lgat\u00e1ssal, t\u00e1nccal, guggolgat\u00e1sokkal megnyugtatni. Ha m\u00e1r rutinosabbak vagyunk, akkor ek\u00f6zben folytathatjuk a hordoz\u00f3 felv\u00e9tel\u00e9t.<\/p>\n\n\n\n<p class=\"has-text-align-justify\">A mozgat\u00e1s akkor is seg\u00edt, ha a baba el\u00e1lmosodott hordoz\u00e1s k\u00f6zben. <\/p>\n\n\n\n<p class=\"has-text-align-justify\">Gyakori jelens\u00e9g, hogy am\u00edg a lak\u00e1sban magunkra vessz\u00fck a bab\u00e1t, addig panaszkodik, viszont amint elindulunk vele, helyre \u00e1ll a vil\u00e1g rendje. Sz\u00f3val b\u00e1tran l\u00e9pj\u00fcnk ki a kertbe, az utc\u00e1ra \u00e9s pr\u00f3b\u00e1ljuk ki, hogy seg\u00edt-e a s\u00e9ta.<\/p>\n\n\n\n<p class=\"has-text-align-justify\">\u00c9s vigy\u00e1zzunk! Nem mindegy, hogy hogyan mozgunk. Tapasztalatunk szerint a legt\u00f6bb baba fittyet h\u00e1ny a visszafogott, hat\u00e1rozatlan mozdulatokra \u2013 b\u00e1tran mozogjunk vel\u00fck dinamikusan, rug\u00f3zzunk nagyokat, pr\u00f3b\u00e1ljunk r\u00e1\u00e9rezni a ritmusukra.<\/p>\n\n\n\n<h2 class=\"wp-block-heading\" id=\"nem_lat_ki\">Nem l\u00e1t ki, nagyobb szabads\u00e1gra v\u00e1gyik<\/h2>\n\n\n\n<p class=\"has-text-align-justify\">Igen gyakori oka a hordoz\u00f3ban val\u00f3 s\u00edr\u00e1snak, ny\u0171gl\u0151d\u00e9snek, feszeng\u00e9snek, hogy a bab\u00e1nk nem tudja szabadon mozgatni a fej\u00e9t, v\u00e1llait, karjait \u00e9s nem l\u00e1t annyit, amennyit \u0151 szeretne.<\/p>\n\n\n\n<figure class=\"wp-block-gallery has-nested-images columns-default is-cropped wp-block-gallery-5 is-layout-flex wp-block-gallery-is-layout-flex\">\n<figure class=\"wp-block-image size-large\"><a href=\"https:\/\/emababy-com.preview-domain.com\/product\/ema-design-babahordozo\/?attribute_pa_szin=karamell\"><img loading=\"lazy\" decoding=\"async\" width=\"1024\" height=\"767\" data-id=\"8392\" src=\"https:\/\/emababy-com.preview-domain.com\/wp-content\/uploads\/2023\/11\/photo-output_2-1024x767.jpeg\" alt=\"\" class=\"wp-image-8392\" srcset=\"https:\/\/emababy.com\/wp-content\/uploads\/2023\/11\/photo-output_2-1024x767.jpeg 1024w, https:\/\/emababy.com\/wp-content\/uploads\/2023\/11\/photo-output_2-300x225.jpeg 300w, https:\/\/emababy.com\/wp-content\/uploads\/2023\/11\/photo-output_2-768x575.jpeg 768w, https:\/\/emababy.com\/wp-content\/uploads\/2023\/11\/photo-output_2-1536x1151.jpeg 1536w, https:\/\/emababy.com\/wp-content\/uploads\/2023\/11\/photo-output_2-2048x1535.jpeg 2048w, https:\/\/emababy.com\/wp-content\/uploads\/2023\/11\/photo-output_2-150x112.jpeg 150w, https:\/\/emababy.com\/wp-content\/uploads\/2023\/11\/photo-output_2-1000x749.jpeg 1000w\" sizes=\"auto, (max-width: 1024px) 100vw, 1024px\" \/><\/a><\/figure>\n<\/figure>\n\n\n\n<p class=\"has-text-align-justify\">Amikor m\u00e9g eg\u00e9szen pici a baba, akkor term\u00e9szetesen megt\u00e1masztjuk a fej\u00e9t hordoz\u00e1s k\u00f6zben. Azonban onnant\u00f3l kezdve, hogy elkezdi \u00f6n\u00e1ll\u00f3an tartani, sok bab\u00e1nak m\u00e1r zavar\u00f3, ha f\u00fclig \u00e9r neki a hordoz\u00f3, hiszen ez akad\u00e1lyozza \u0151t a feje emelget\u00e9s\u00e9ben, mozgat\u00e1s\u00e1ban. Ilyenkor \u00fagy tegy\u00fck \u0151t bele az eszk\u00f6zbe, hogy a h\u00e1tr\u00e9sz csak a v\u00e1ll\u00e1ig \u00e9rjen. <\/p>\n\n\n\n<p class=\"has-text-align-justify\">Ehhez vagy tekerj\u00fcnk egyet a der\u00e9kp\u00e1nton, \u00edgy r\u00f6vid\u00edtve a mei tai hossz\u00e1n vagy bugyros\u00edtsunk, azaz engedj\u00fck a der\u00e9kp\u00e1nt fels\u0151 vonal\u00e1n\u00e1l lejjebb a baba fenek\u00e9t, miel\u0151tt a h\u00e1t\u00e1ra sim\u00edtjuk a h\u00e1tr\u00e9szt. Ez ut\u00f3bbi m\u00f3dszer is a h\u00e1tr\u00e9sz magass\u00e1g\u00e1t cs\u00f6kkenti.<\/p>\n\n\n\n<p class=\"has-text-align-justify\">T\u00f6bb esetben ad\u00f3dik olyan r\u00f6vid, \u00e1tmeneti id\u0151szak, amikor m\u00e1r nem viseli el a baba, hogy \u00e9bren a fej\u00e9n\u00e9l legyen a hordoz\u00f3, ugyanakkor m\u00e9g nem tartja teljesen stabilan a buksij\u00e1t: ilyenkor picit a kez\u00fcnkkel \u00e9rdemes seg\u00edten\u00fcnk, majd elalv\u00e1s ut\u00e1n haszn\u00e1lni az alv\u00f3csukly\u00e1t.<\/p>\n\n\n\n<figure class=\"wp-block-gallery has-nested-images columns-default is-cropped wp-block-gallery-6 is-layout-flex wp-block-gallery-is-layout-flex\">\n<figure class=\"wp-block-image size-large\"><a href=\"https:\/\/emababy-com.preview-domain.com\/product\/ema-design-babahordozo\/?attribute_pa_szin=orgona\"><img loading=\"lazy\" decoding=\"async\" width=\"1024\" height=\"683\" data-id=\"7804\" src=\"https:\/\/emababy-com.preview-domain.com\/wp-content\/uploads\/2023\/05\/7C1B6458-7501-4C5F-B102-5507E8F3CF72-1024x683.jpeg\" alt=\"alv\u00f3 baba babahordoz\u00f3ban\" class=\"wp-image-7804\" srcset=\"https:\/\/emababy.com\/wp-content\/uploads\/2023\/05\/7C1B6458-7501-4C5F-B102-5507E8F3CF72-1024x683.jpeg 1024w, https:\/\/emababy.com\/wp-content\/uploads\/2023\/05\/7C1B6458-7501-4C5F-B102-5507E8F3CF72-300x200.jpeg 300w, https:\/\/emababy.com\/wp-content\/uploads\/2023\/05\/7C1B6458-7501-4C5F-B102-5507E8F3CF72-768x512.jpeg 768w, https:\/\/emababy.com\/wp-content\/uploads\/2023\/05\/7C1B6458-7501-4C5F-B102-5507E8F3CF72-150x100.jpeg 150w, https:\/\/emababy.com\/wp-content\/uploads\/2023\/05\/7C1B6458-7501-4C5F-B102-5507E8F3CF72-1000x667.jpeg 1000w, https:\/\/emababy.com\/wp-content\/uploads\/2023\/05\/7C1B6458-7501-4C5F-B102-5507E8F3CF72.jpeg 1366w\" sizes=\"auto, (max-width: 1024px) 100vw, 1024px\" \/><\/a><\/figure>\n<\/figure>\n\n\n\n<p>A k\u00f6vetkez\u0151 f\u00e1zis az, amikor m\u00e1r a h\u00e1ta fels\u0151 szakasz\u00e1t is tartja a bab\u00e1nk \u00e9s bizony a karjait is szeretn\u00e9 m\u00e1r akt\u00edvabban haszn\u00e1lni, illetve el-elfordulni jobbra-balra a hordoz\u00f3ban. Ekkor \u00fagy \u00e1ll\u00edtsuk be a mei tai h\u00e1tr\u00e9sz\u00e9t, hogy csak k\u00e9nyelmesen, h\u00f3naljig t\u00e1massza meg a bab\u00e1t, \u00e9s \u00edgy \u0151 m\u00e9g nagyobb szabads\u00e1got kapjon. Ebben az esetben szint\u00e9n a fent eml\u00edtett m\u00f3dszereket alkalmazhatjuk: hajtunk egyet a der\u00e9kp\u00e1nton vagy m\u00e9g jobban bugyros\u00edtunk.<\/p>\n\n\n\n<p>Azt\u00e1n az is el\u0151fordulhat, hogy mindez a sok szabads\u00e1g is kev\u00e9snek bizonyul, mert a bab\u00e1nk m\u00e9g \u00edgy sem tudja mindig k\u00f6nnyed\u00e9n megfigyelni mindazt, amit szeretne. Hiszen el\u00f6l hordozva legink\u00e1bb a mellkasunkat l\u00e1tja, a vil\u00e1g t\u00f6bbi r\u00e9sz\u00e9b\u0151l pedig k\u00e9nyelmesen csak nagyon kis r\u00e9szleteket.<\/p>\n\n\n\n<p>Ekkor vethetj\u00fck be a cs\u00edp\u0151n- vagy a h\u00e1ton hordoz\u00e1st, amelyek \u00e1ltal a baba sokkal nagyobb l\u00e1t\u00f3teret kap.<\/p>\n\n\n\n<p>Ezek a m\u00f3dszerek term\u00e9szetesen kombin\u00e1lhat\u00f3k. Teh\u00e1t mondjuk h\u00e1ton is hordozhatunk \u00fagy, hogy h\u00f3naljig t\u00e1masztja a bab\u00e1nkat a hordoz\u00f3.<\/p>\n\n\n\n<p>Az ema design mei taijal k\u00e9nyelmesen tudtok el\u00f6l-, cs\u00edp\u0151n- \u00e9s h\u00e1ton is hordozni, valamint a fent le\u00edrt m\u00f3dszerekkel \u2013 hajt\u00e1s a der\u00e9kp\u00e1nton, bugyros\u00edt\u00e1s \u2013 k\u00f6nnyed\u00e9n testre szabhatj\u00e1tok az eszk\u00f6z magass\u00e1g\u00e1t is.<\/p>\n\n\n\n<h2 class=\"wp-block-heading\" id=\"melege_van\">Melege van<\/h2>\n\n\n\n<p>Amikor ny\u00e1ri melegben kezd\u00fcnk el hordozni \u00e9s s\u00edrdog\u00e1l a baba a hordoz\u00f3ban, akkor k\u00f6nnyen \u00e9s teljesen logikusnak t\u0171n\u0151en jutunk arra a k\u00f6vetkeztet\u00e9sre, hogy az\u00e9rt s\u00edr, mert melege van. A melegben val\u00f3 hordoz\u00e1sr\u00f3l <a href=\"https:\/\/emababy-com.preview-domain.com\/2023\/06\/12\/babahordozas-nyaron-emadesign\/\" class=\"ek-link\">ITT<\/a> \u00edrtunk b\u0151vebben. <\/p>\n\n\n\n<figure class=\"wp-block-gallery has-nested-images columns-default is-cropped wp-block-gallery-7 is-layout-flex wp-block-gallery-is-layout-flex\">\n<figure class=\"wp-block-image size-large\"><a href=\"https:\/\/emababy-com.preview-domain.com\/product\/ema-design-babahordozo\/?attribute_pa_szin=orgona\"><img loading=\"lazy\" decoding=\"async\" width=\"1024\" height=\"683\" data-id=\"7639\" src=\"https:\/\/emababy-com.preview-domain.com\/wp-content\/uploads\/2023\/05\/photo-output-1024x683.jpeg\" alt=\"\" class=\"wp-image-7639\" srcset=\"https:\/\/emababy.com\/wp-content\/uploads\/2023\/05\/photo-output-1024x683.jpeg 1024w, https:\/\/emababy.com\/wp-content\/uploads\/2023\/05\/photo-output-300x200.jpeg 300w, https:\/\/emababy.com\/wp-content\/uploads\/2023\/05\/photo-output-768x512.jpeg 768w, https:\/\/emababy.com\/wp-content\/uploads\/2023\/05\/photo-output-1536x1024.jpeg 1536w, https:\/\/emababy.com\/wp-content\/uploads\/2023\/05\/photo-output-2048x1366.jpeg 2048w, https:\/\/emababy.com\/wp-content\/uploads\/2023\/05\/photo-output-150x100.jpeg 150w, https:\/\/emababy.com\/wp-content\/uploads\/2023\/05\/photo-output-1000x667.jpeg 1000w\" sizes=\"auto, (max-width: 1024px) 100vw, 1024px\" \/><\/a><\/figure>\n<\/figure>\n\n\n\n<h2 class=\"wp-block-heading\" id=\"szabadon_szeretne_mozogni\">Szabadon szeretne mozogni<\/h2>\n\n\n\n<p class=\"has-text-align-justify\">Amikor megsz\u00fcletik egy baba, folyamatos testkontaktusra v\u00e1gyik. Az els\u0151 h\u00f3napok m\u00e9g teljes egys\u00e9gben telnek, nevezik ezt negyedik trimeszternek is. Azut\u00e1n sz\u00e9pen lassan kezd p\u00e1r perc f\u00f6ld\u00f6n lev\u00e9st ig\u00e9nyelni. Az id\u0151 \u00e9s a mozg\u00e1sfejl\u0151d\u00e9s el\u0151rehaladt\u00e1val mindig egy picit hosszabb ideig k\u00e9ri ezt a szabad mozg\u00e1st.<\/p>\n\n\n\n<figure class=\"wp-block-gallery has-nested-images columns-default is-cropped wp-block-gallery-8 is-layout-flex wp-block-gallery-is-layout-flex\">\n<figure class=\"wp-block-image size-large\"><a href=\"https:\/\/emababy-com.preview-domain.com\/product\/ema-design-babahordozo\/?attribute_pa_szin=orgona\"><img loading=\"lazy\" decoding=\"async\" width=\"768\" height=\"1024\" data-id=\"8394\" src=\"https:\/\/emababy-com.preview-domain.com\/wp-content\/uploads\/2023\/11\/photo-output_0-768x1024.jpeg\" alt=\"\" class=\"wp-image-8394\" srcset=\"https:\/\/emababy.com\/wp-content\/uploads\/2023\/11\/photo-output_0-768x1024.jpeg 768w, https:\/\/emababy.com\/wp-content\/uploads\/2023\/11\/photo-output_0-225x300.jpeg 225w, https:\/\/emababy.com\/wp-content\/uploads\/2023\/11\/photo-output_0-1152x1536.jpeg 1152w, https:\/\/emababy.com\/wp-content\/uploads\/2023\/11\/photo-output_0-1536x2048.jpeg 1536w, https:\/\/emababy.com\/wp-content\/uploads\/2023\/11\/photo-output_0-112x150.jpeg 112w, https:\/\/emababy.com\/wp-content\/uploads\/2023\/11\/photo-output_0-1000x1334.jpeg 1000w, https:\/\/emababy.com\/wp-content\/uploads\/2023\/11\/photo-output_0-scaled.jpeg 1919w\" sizes=\"auto, (max-width: 768px) 100vw, 768px\" \/><\/a><\/figure>\n<\/figure>\n\n\n\n<p class=\"has-text-align-justify\">Sokan tapasztalj\u00e1k, hogy egyszer csak elj\u00f6n az a pillanat, amikor a kicsi tiltakozik a hordoz\u00e1s ellen. Azonban ez nem \u00e1ltal\u00e1noss\u00e1gban a hordoz\u00e1snak sz\u00f3l, hanem azt jelenti, hogy abban az adott id\u0151pontban nem szeretne hordoz\u00f3dni, hanem \u00f6n\u00e1ll\u00f3an mozogna.<br><br>Ha elint\u00e9znival\u00f3nk van \u00e9s nem szeretn\u00e9nk egy totyog\u00f3 gyermekkel bajl\u00f3dni, id\u0151z\u00edthetj\u00fck \u00fagy a dolgunkat, hogy akkor indulunk, amikor m\u00e1r kimozogta mag\u00e1t a bab\u00e1nk \u00e9s \u00f6r\u00fcl neki, hogy rajtunk pihenhet, nem akarja \u00e9ppen az \u00faj tudom\u00e1ny\u00e1t gyakorolni.<\/p>\n\n\n\n<div class=\"wp-block-columns are-vertically-aligned-center is-layout-flex wp-container-core-columns-is-layout-9d6595d7 wp-block-columns-is-layout-flex\">\n<div class=\"wp-block-column is-vertically-aligned-center is-layout-flow wp-block-column-is-layout-flow\">\n<p class=\"has-text-align-justify\">Legt\u00f6bbsz\u00f6r a j\u00e1r\u00e1stanul\u00e1s k\u00f6rny\u00e9k\u00e9n fordul ez el\u0151. Egy j\u00e1rni tanul\u00f3 baba azonban m\u00e9g hamar elf\u00e1rad \u00e9s \u00fajra fel fog k\u00e9redzkedni. Ez\u00e9rt ilyenkor elindulhatunk p\u00e9ld\u00e1ul \u00fagy, hogy a gyerek a saj\u00e1t l\u00e1b\u00e1n kezdi az utat, de ott van m\u00e1r n\u00e1lunk el\u0151k\u00e9sz\u00edtve a hordoz\u00f3 \u00e9s ha elf\u00e1radt, felvessz\u00fck. A karik\u00e1s kend\u0151 \u00e9ppen ez\u00e9rt nagyon praktikus totyog\u00f3s kor\u00fa gyermekkel, aki s\u0171r\u0171n fel-lek\u00e9redzkedik.<\/p>\n<\/div>\n\n\n\n<div class=\"wp-block-column is-vertically-aligned-center is-layout-flow wp-block-column-is-layout-flow\">\n<figure class=\"wp-block-gallery has-nested-images columns-default is-cropped wp-block-gallery-9 is-layout-flex wp-block-gallery-is-layout-flex\">\n<figure class=\"wp-block-image size-large\"><a href=\"https:\/\/emababy-com.preview-domain.com\/product\/karikas-kendo-babahordozo\/?attribute_pa_szin=malyva\"><img loading=\"lazy\" decoding=\"async\" width=\"819\" height=\"1024\" data-id=\"8397\" src=\"https:\/\/emababy-com.preview-domain.com\/wp-content\/uploads\/2023\/11\/81A91F0A-58B3-4659-89C0-12B3F181266E-819x1024.jpeg\" alt=\"\" class=\"wp-image-8397\" srcset=\"https:\/\/emababy.com\/wp-content\/uploads\/2023\/11\/81A91F0A-58B3-4659-89C0-12B3F181266E-819x1024.jpeg 819w, https:\/\/emababy.com\/wp-content\/uploads\/2023\/11\/81A91F0A-58B3-4659-89C0-12B3F181266E-240x300.jpeg 240w, https:\/\/emababy.com\/wp-content\/uploads\/2023\/11\/81A91F0A-58B3-4659-89C0-12B3F181266E-768x961.jpeg 768w, https:\/\/emababy.com\/wp-content\/uploads\/2023\/11\/81A91F0A-58B3-4659-89C0-12B3F181266E-1228x1536.jpeg 1228w, https:\/\/emababy.com\/wp-content\/uploads\/2023\/11\/81A91F0A-58B3-4659-89C0-12B3F181266E-1637x2048.jpeg 1637w, https:\/\/emababy.com\/wp-content\/uploads\/2023\/11\/81A91F0A-58B3-4659-89C0-12B3F181266E-120x150.jpeg 120w, https:\/\/emababy.com\/wp-content\/uploads\/2023\/11\/81A91F0A-58B3-4659-89C0-12B3F181266E-1000x1251.jpeg 1000w, https:\/\/emababy.com\/wp-content\/uploads\/2023\/11\/81A91F0A-58B3-4659-89C0-12B3F181266E-scaled.jpeg 2047w\" sizes=\"auto, (max-width: 819px) 100vw, 819px\" \/><\/a><\/figure>\n<\/figure>\n<\/div>\n<\/div>\n\n\n\n<p>Ez egy \u00fajfajta helyzet, amihez alkalmazkodnunk kell. De semmik\u00e9ppen nem jelenti a hordoz\u00f3s id\u0151szak v\u00e9g\u00e9t. Az m\u00e9g \u00e1ltal\u00e1ban nagyon messze van ett\u0151l\u2026<\/p>","protected":false},"excerpt":{"rendered":"<p>A bab\u00e1k nem csak let\u00e9ve, nemcsak a babakocsiban, hanem bizony a babahordoz\u00f3ban is szoktak s\u00edrni. De h\u00e1t mi\u00e9rt? Nem az van, hogy testk\u00f6zelben megnyugszanak? Hogy beleteszem a babahordoz\u00f3 eszk\u00f6zbe \u00e9s m\u00e1r alszik is? Akkor most van olyan baba, aki ezt m\u00e9gsem szereti?Nem, mi m\u00e9g nem l\u00e1ttunk ilyet! A kisbaba hordoz\u00e1sra [&hellip;]<\/p>\n","protected":false},"author":1,"featured_media":8379,"comment_status":"open","ping_status":"closed","sticky":false,"template":"","format":"standard","meta":{"footnotes":""},"categories":[160,157,16,186],"tags":[162],"class_list":["post-8378","post","type-post","status-publish","format-standard","has-post-thumbnail","hentry","category-babak-altatasa","category-babahordozas","category-ema-design","category-szoptatas","tag-babahordozas"],"yoast_head":"<!-- This site is optimized with the Yoast SEO plugin v27.5 - https:\/\/yoast.com\/product\/yoast-seo-wordpress\/ -->\n<title>S\u00edr a babahordoz\u00f3ban? - Mi\u00e9rtek \u00e9s megold\u00e1sok - ema design<\/title>\n<meta name=\"description\" content=\"A kisbaba hordoz\u00e1sra sz\u00fcletik, l\u00e9teleme a testk\u00f6zels\u00e9g! Akkor mi\u00e9rt s\u00edr a babahordoz\u00f3ban? A megold\u00e1sokr\u00f3l \u00e9s mi\u00e9rtekr\u0151l olvasd el a posztot!\" \/>\n<meta name=\"robots\" content=\"index, follow, max-snippet:-1, max-image-preview:large, max-video-preview:-1\" \/>\n<link rel=\"canonical\" href=\"https:\/\/emababy.com\/en\/2023\/11\/24\/miert-sir-babahordozoban\/\" \/>\n<meta property=\"og:locale\" content=\"en_US\" \/>\n<meta property=\"og:type\" content=\"article\" \/>\n<meta property=\"og:title\" content=\"S\u00edr a babahordoz\u00f3ban? - Mi\u00e9rtek \u00e9s megold\u00e1sok - ema design\" \/>\n<meta property=\"og:description\" content=\"A kisbaba hordoz\u00e1sra sz\u00fcletik, l\u00e9teleme a testk\u00f6zels\u00e9g! Akkor mi\u00e9rt s\u00edr a babahordoz\u00f3ban? A megold\u00e1sokr\u00f3l \u00e9s mi\u00e9rtekr\u0151l olvasd el a posztot!\" \/>\n<meta property=\"og:url\" content=\"https:\/\/emababy.com\/en\/2023\/11\/24\/miert-sir-babahordozoban\/\" \/>\n<meta property=\"og:site_name\" content=\"ema design\" \/>\n<meta property=\"article:publisher\" content=\"https:\/\/www.facebook.com\/emadesignbabycarriers\/\" \/>\n<meta property=\"article:author\" content=\"https:\/\/www.facebook.com\/emadesignbabycarriers\/\" \/>\n<meta property=\"article:published_time\" content=\"2023-11-24T14:36:17+00:00\" \/>\n<meta property=\"article:modified_time\" content=\"2024-04-30T12:46:23+00:00\" \/>\n<meta property=\"og:image\" content=\"https:\/\/emababy.com\/wp-content\/uploads\/2023\/11\/photo-output-scaled.jpeg\" \/>\n\t<meta property=\"og:image:width\" content=\"2560\" \/>\n\t<meta property=\"og:image:height\" content=\"1706\" \/>\n\t<meta property=\"og:image:type\" content=\"image\/jpeg\" \/>\n<meta name=\"author\" content=\"Huszka-Dobszay Kl\u00e1ra\" \/>\n<meta name=\"twitter:card\" content=\"summary_large_image\" \/>\n<meta name=\"twitter:label1\" content=\"Written by\" \/>\n\t<meta name=\"twitter:data1\" content=\"Huszka-Dobszay Kl\u00e1ra\" \/>\n\t<meta name=\"twitter:label2\" content=\"Est. reading time\" \/>\n\t<meta name=\"twitter:data2\" content=\"10 minutes\" \/>\n<script type=\"application\/ld+json\" class=\"yoast-schema-graph\">{\"@context\":\"https:\\\/\\\/schema.org\",\"@graph\":[{\"@type\":\"Article\",\"@id\":\"https:\\\/\\\/emababy.com\\\/2023\\\/11\\\/24\\\/miert-sir-babahordozoban\\\/#article\",\"isPartOf\":{\"@id\":\"https:\\\/\\\/emababy.com\\\/2023\\\/11\\\/24\\\/miert-sir-babahordozoban\\\/\"},\"author\":{\"name\":\"Huszka-Dobszay Kl\u00e1ra\",\"@id\":\"https:\\\/\\\/emababy.com\\\/#\\\/schema\\\/person\\\/7c069ca70ea947d9df0e692b68c6f922\"},\"headline\":\"S\u00edr a babahordoz\u00f3ban? &#8211; Mi\u00e9rtek \u00e9s megold\u00e1sok\",\"datePublished\":\"2023-11-24T14:36:17+00:00\",\"dateModified\":\"2024-04-30T12:46:23+00:00\",\"mainEntityOfPage\":{\"@id\":\"https:\\\/\\\/emababy.com\\\/2023\\\/11\\\/24\\\/miert-sir-babahordozoban\\\/\"},\"wordCount\":1985,\"commentCount\":0,\"publisher\":{\"@id\":\"https:\\\/\\\/emababy.com\\\/#organization\"},\"image\":{\"@id\":\"https:\\\/\\\/emababy.com\\\/2023\\\/11\\\/24\\\/miert-sir-babahordozoban\\\/#primaryimage\"},\"thumbnailUrl\":\"https:\\\/\\\/emababy.com\\\/wp-content\\\/uploads\\\/2023\\\/11\\\/photo-output-scaled.jpeg\",\"keywords\":[\"babahordoz\u00e1s\"],\"articleSection\":[\"altat\u00e1s\",\"babahordoz\u00e1s\",\"ema design\",\"szoptat\u00e1s\"],\"inLanguage\":\"en-US\",\"potentialAction\":[{\"@type\":\"CommentAction\",\"name\":\"Comment\",\"target\":[\"https:\\\/\\\/emababy.com\\\/2023\\\/11\\\/24\\\/miert-sir-babahordozoban\\\/#respond\"]}]},{\"@type\":\"WebPage\",\"@id\":\"https:\\\/\\\/emababy.com\\\/2023\\\/11\\\/24\\\/miert-sir-babahordozoban\\\/\",\"url\":\"https:\\\/\\\/emababy.com\\\/2023\\\/11\\\/24\\\/miert-sir-babahordozoban\\\/\",\"name\":\"S\u00edr a babahordoz\u00f3ban? - Mi\u00e9rtek \u00e9s megold\u00e1sok - ema design\",\"isPartOf\":{\"@id\":\"https:\\\/\\\/emababy.com\\\/#website\"},\"primaryImageOfPage\":{\"@id\":\"https:\\\/\\\/emababy.com\\\/2023\\\/11\\\/24\\\/miert-sir-babahordozoban\\\/#primaryimage\"},\"image\":{\"@id\":\"https:\\\/\\\/emababy.com\\\/2023\\\/11\\\/24\\\/miert-sir-babahordozoban\\\/#primaryimage\"},\"thumbnailUrl\":\"https:\\\/\\\/emababy.com\\\/wp-content\\\/uploads\\\/2023\\\/11\\\/photo-output-scaled.jpeg\",\"datePublished\":\"2023-11-24T14:36:17+00:00\",\"dateModified\":\"2024-04-30T12:46:23+00:00\",\"description\":\"A kisbaba hordoz\u00e1sra sz\u00fcletik, l\u00e9teleme a testk\u00f6zels\u00e9g! Akkor mi\u00e9rt s\u00edr a babahordoz\u00f3ban? A megold\u00e1sokr\u00f3l \u00e9s mi\u00e9rtekr\u0151l olvasd el a posztot!\",\"breadcrumb\":{\"@id\":\"https:\\\/\\\/emababy.com\\\/2023\\\/11\\\/24\\\/miert-sir-babahordozoban\\\/#breadcrumb\"},\"inLanguage\":\"en-US\",\"potentialAction\":[{\"@type\":\"ReadAction\",\"target\":[\"https:\\\/\\\/emababy.com\\\/2023\\\/11\\\/24\\\/miert-sir-babahordozoban\\\/\"]}]},{\"@type\":\"ImageObject\",\"inLanguage\":\"en-US\",\"@id\":\"https:\\\/\\\/emababy.com\\\/2023\\\/11\\\/24\\\/miert-sir-babahordozoban\\\/#primaryimage\",\"url\":\"https:\\\/\\\/emababy.com\\\/wp-content\\\/uploads\\\/2023\\\/11\\\/photo-output-scaled.jpeg\",\"contentUrl\":\"https:\\\/\\\/emababy.com\\\/wp-content\\\/uploads\\\/2023\\\/11\\\/photo-output-scaled.jpeg\",\"width\":2560,\"height\":1706,\"caption\":\"Anyuka hordozza \u00e9s k\u00f6zben homlokon puszilja pici bab\u00e1j\u00e1t.\"},{\"@type\":\"BreadcrumbList\",\"@id\":\"https:\\\/\\\/emababy.com\\\/2023\\\/11\\\/24\\\/miert-sir-babahordozoban\\\/#breadcrumb\",\"itemListElement\":[{\"@type\":\"ListItem\",\"position\":1,\"name\":\"Home\",\"item\":\"https:\\\/\\\/emababy.com\\\/\"},{\"@type\":\"ListItem\",\"position\":2,\"name\":\"S\u00edr a babahordoz\u00f3ban? &#8211; Mi\u00e9rtek \u00e9s megold\u00e1sok\"}]},{\"@type\":\"WebSite\",\"@id\":\"https:\\\/\\\/emababy.com\\\/#website\",\"url\":\"https:\\\/\\\/emababy.com\\\/\",\"name\":\"ema design\",\"description\":\"Babahordoz\u00e1s st\u00edlusosan!\",\"publisher\":{\"@id\":\"https:\\\/\\\/emababy.com\\\/#organization\"},\"alternateName\":\"emababy\",\"potentialAction\":[{\"@type\":\"SearchAction\",\"target\":{\"@type\":\"EntryPoint\",\"urlTemplate\":\"https:\\\/\\\/emababy.com\\\/?s={search_term_string}\"},\"query-input\":{\"@type\":\"PropertyValueSpecification\",\"valueRequired\":true,\"valueName\":\"search_term_string\"}}],\"inLanguage\":\"en-US\"},{\"@type\":\"Organization\",\"@id\":\"https:\\\/\\\/emababy.com\\\/#organization\",\"name\":\"EmaDesign Bt.\",\"url\":\"https:\\\/\\\/emababy.com\\\/\",\"logo\":{\"@type\":\"ImageObject\",\"inLanguage\":\"en-US\",\"@id\":\"https:\\\/\\\/emababy.com\\\/#\\\/schema\\\/logo\\\/image\\\/\",\"url\":\"https:\\\/\\\/emababy.com\\\/wp-content\\\/uploads\\\/2023\\\/03\\\/cropped-logo_light_small.png\",\"contentUrl\":\"https:\\\/\\\/emababy.com\\\/wp-content\\\/uploads\\\/2023\\\/03\\\/cropped-logo_light_small.png\",\"width\":607,\"height\":80,\"caption\":\"EmaDesign Bt.\"},\"image\":{\"@id\":\"https:\\\/\\\/emababy.com\\\/#\\\/schema\\\/logo\\\/image\\\/\"},\"sameAs\":[\"https:\\\/\\\/www.facebook.com\\\/emadesignbabycarriers\\\/\",\"https:\\\/\\\/www.instagram.com\\\/emadesignbabycarriers\\\/\",\"https:\\\/\\\/www.youtube.com\\\/@ema_design\"]},{\"@type\":\"Person\",\"@id\":\"https:\\\/\\\/emababy.com\\\/#\\\/schema\\\/person\\\/7c069ca70ea947d9df0e692b68c6f922\",\"name\":\"Huszka-Dobszay Kl\u00e1ra\",\"image\":{\"@type\":\"ImageObject\",\"inLanguage\":\"en-US\",\"@id\":\"https:\\\/\\\/secure.gravatar.com\\\/avatar\\\/015ae90ac414b6807994211acfb261cda9013285ad992aa96bf901796f02ea76?s=96&d=blank&r=g\",\"url\":\"https:\\\/\\\/secure.gravatar.com\\\/avatar\\\/015ae90ac414b6807994211acfb261cda9013285ad992aa96bf901796f02ea76?s=96&d=blank&r=g\",\"contentUrl\":\"https:\\\/\\\/secure.gravatar.com\\\/avatar\\\/015ae90ac414b6807994211acfb261cda9013285ad992aa96bf901796f02ea76?s=96&d=blank&r=g\",\"caption\":\"Huszka-Dobszay Kl\u00e1ra\"},\"sameAs\":[\"https:\\\/\\\/emababy.com\",\"https:\\\/\\\/www.facebook.com\\\/emadesignbabycarriers\\\/\",\"https:\\\/\\\/www.instagram.com\\\/emadesignbabycarriers\\\/\"],\"url\":\"https:\\\/\\\/emababy.com\\\/en\\\/author\\\/emababy1\\\/\"}]}<\/script>\n<!-- \/ Yoast SEO plugin. -->","yoast_head_json":{"title":"S\u00edr a babahordoz\u00f3ban? - Mi\u00e9rtek \u00e9s megold\u00e1sok - ema design","description":"A kisbaba hordoz\u00e1sra sz\u00fcletik, l\u00e9teleme a testk\u00f6zels\u00e9g! Akkor mi\u00e9rt s\u00edr a babahordoz\u00f3ban? A megold\u00e1sokr\u00f3l \u00e9s mi\u00e9rtekr\u0151l olvasd el a posztot!","robots":{"index":"index","follow":"follow","max-snippet":"max-snippet:-1","max-image-preview":"max-image-preview:large","max-video-preview":"max-video-preview:-1"},"canonical":"https:\/\/emababy.com\/en\/2023\/11\/24\/miert-sir-babahordozoban\/","og_locale":"en_US","og_type":"article","og_title":"S\u00edr a babahordoz\u00f3ban? - Mi\u00e9rtek \u00e9s megold\u00e1sok - ema design","og_description":"A kisbaba hordoz\u00e1sra sz\u00fcletik, l\u00e9teleme a testk\u00f6zels\u00e9g! Akkor mi\u00e9rt s\u00edr a babahordoz\u00f3ban? A megold\u00e1sokr\u00f3l \u00e9s mi\u00e9rtekr\u0151l olvasd el a posztot!","og_url":"https:\/\/emababy.com\/en\/2023\/11\/24\/miert-sir-babahordozoban\/","og_site_name":"ema design","article_publisher":"https:\/\/www.facebook.com\/emadesignbabycarriers\/","article_author":"https:\/\/www.facebook.com\/emadesignbabycarriers\/","article_published_time":"2023-11-24T14:36:17+00:00","article_modified_time":"2024-04-30T12:46:23+00:00","og_image":[{"width":2560,"height":1706,"url":"https:\/\/emababy.com\/wp-content\/uploads\/2023\/11\/photo-output-scaled.jpeg","type":"image\/jpeg"}],"author":"Huszka-Dobszay Kl\u00e1ra","twitter_card":"summary_large_image","twitter_misc":{"Written by":"Huszka-Dobszay Kl\u00e1ra","Est. reading time":"10 minutes"},"schema":{"@context":"https:\/\/schema.org","@graph":[{"@type":"Article","@id":"https:\/\/emababy.com\/2023\/11\/24\/miert-sir-babahordozoban\/#article","isPartOf":{"@id":"https:\/\/emababy.com\/2023\/11\/24\/miert-sir-babahordozoban\/"},"author":{"name":"Huszka-Dobszay Kl\u00e1ra","@id":"https:\/\/emababy.com\/#\/schema\/person\/7c069ca70ea947d9df0e692b68c6f922"},"headline":"S\u00edr a babahordoz\u00f3ban? &#8211; Mi\u00e9rtek \u00e9s megold\u00e1sok","datePublished":"2023-11-24T14:36:17+00:00","dateModified":"2024-04-30T12:46:23+00:00","mainEntityOfPage":{"@id":"https:\/\/emababy.com\/2023\/11\/24\/miert-sir-babahordozoban\/"},"wordCount":1985,"commentCount":0,"publisher":{"@id":"https:\/\/emababy.com\/#organization"},"image":{"@id":"https:\/\/emababy.com\/2023\/11\/24\/miert-sir-babahordozoban\/#primaryimage"},"thumbnailUrl":"https:\/\/emababy.com\/wp-content\/uploads\/2023\/11\/photo-output-scaled.jpeg","keywords":["babahordoz\u00e1s"],"articleSection":["altat\u00e1s","babahordoz\u00e1s","ema design","szoptat\u00e1s"],"inLanguage":"en-US","potentialAction":[{"@type":"CommentAction","name":"Comment","target":["https:\/\/emababy.com\/2023\/11\/24\/miert-sir-babahordozoban\/#respond"]}]},{"@type":"WebPage","@id":"https:\/\/emababy.com\/2023\/11\/24\/miert-sir-babahordozoban\/","url":"https:\/\/emababy.com\/2023\/11\/24\/miert-sir-babahordozoban\/","name":"S\u00edr a babahordoz\u00f3ban? - Mi\u00e9rtek \u00e9s megold\u00e1sok - ema design","isPartOf":{"@id":"https:\/\/emababy.com\/#website"},"primaryImageOfPage":{"@id":"https:\/\/emababy.com\/2023\/11\/24\/miert-sir-babahordozoban\/#primaryimage"},"image":{"@id":"https:\/\/emababy.com\/2023\/11\/24\/miert-sir-babahordozoban\/#primaryimage"},"thumbnailUrl":"https:\/\/emababy.com\/wp-content\/uploads\/2023\/11\/photo-output-scaled.jpeg","datePublished":"2023-11-24T14:36:17+00:00","dateModified":"2024-04-30T12:46:23+00:00","description":"A kisbaba hordoz\u00e1sra sz\u00fcletik, l\u00e9teleme a testk\u00f6zels\u00e9g! Akkor mi\u00e9rt s\u00edr a babahordoz\u00f3ban? A megold\u00e1sokr\u00f3l \u00e9s mi\u00e9rtekr\u0151l olvasd el a posztot!","breadcrumb":{"@id":"https:\/\/emababy.com\/2023\/11\/24\/miert-sir-babahordozoban\/#breadcrumb"},"inLanguage":"en-US","potentialAction":[{"@type":"ReadAction","target":["https:\/\/emababy.com\/2023\/11\/24\/miert-sir-babahordozoban\/"]}]},{"@type":"ImageObject","inLanguage":"en-US","@id":"https:\/\/emababy.com\/2023\/11\/24\/miert-sir-babahordozoban\/#primaryimage","url":"https:\/\/emababy.com\/wp-content\/uploads\/2023\/11\/photo-output-scaled.jpeg","contentUrl":"https:\/\/emababy.com\/wp-content\/uploads\/2023\/11\/photo-output-scaled.jpeg","width":2560,"height":1706,"caption":"Anyuka hordozza \u00e9s k\u00f6zben homlokon puszilja pici bab\u00e1j\u00e1t."},{"@type":"BreadcrumbList","@id":"https:\/\/emababy.com\/2023\/11\/24\/miert-sir-babahordozoban\/#breadcrumb","itemListElement":[{"@type":"ListItem","position":1,"name":"Home","item":"https:\/\/emababy.com\/"},{"@type":"ListItem","position":2,"name":"S\u00edr a babahordoz\u00f3ban? &#8211; Mi\u00e9rtek \u00e9s megold\u00e1sok"}]},{"@type":"WebSite","@id":"https:\/\/emababy.com\/#website","url":"https:\/\/emababy.com\/","name":"ema design","description":"Babahordoz\u00e1s st\u00edlusosan!","publisher":{"@id":"https:\/\/emababy.com\/#organization"},"alternateName":"emababy","potentialAction":[{"@type":"SearchAction","target":{"@type":"EntryPoint","urlTemplate":"https:\/\/emababy.com\/?s={search_term_string}"},"query-input":{"@type":"PropertyValueSpecification","valueRequired":true,"valueName":"search_term_string"}}],"inLanguage":"en-US"},{"@type":"Organization","@id":"https:\/\/emababy.com\/#organization","name":"EmaDesign Bt.","url":"https:\/\/emababy.com\/","logo":{"@type":"ImageObject","inLanguage":"en-US","@id":"https:\/\/emababy.com\/#\/schema\/logo\/image\/","url":"https:\/\/emababy.com\/wp-content\/uploads\/2023\/03\/cropped-logo_light_small.png","contentUrl":"https:\/\/emababy.com\/wp-content\/uploads\/2023\/03\/cropped-logo_light_small.png","width":607,"height":80,"caption":"EmaDesign Bt."},"image":{"@id":"https:\/\/emababy.com\/#\/schema\/logo\/image\/"},"sameAs":["https:\/\/www.facebook.com\/emadesignbabycarriers\/","https:\/\/www.instagram.com\/emadesignbabycarriers\/","https:\/\/www.youtube.com\/@ema_design"]},{"@type":"Person","@id":"https:\/\/emababy.com\/#\/schema\/person\/7c069ca70ea947d9df0e692b68c6f922","name":"Huszka-Dobszay Kl\u00e1ra","image":{"@type":"ImageObject","inLanguage":"en-US","@id":"https:\/\/secure.gravatar.com\/avatar\/015ae90ac414b6807994211acfb261cda9013285ad992aa96bf901796f02ea76?s=96&d=blank&r=g","url":"https:\/\/secure.gravatar.com\/avatar\/015ae90ac414b6807994211acfb261cda9013285ad992aa96bf901796f02ea76?s=96&d=blank&r=g","contentUrl":"https:\/\/secure.gravatar.com\/avatar\/015ae90ac414b6807994211acfb261cda9013285ad992aa96bf901796f02ea76?s=96&d=blank&r=g","caption":"Huszka-Dobszay Kl\u00e1ra"},"sameAs":["https:\/\/emababy.com","https:\/\/www.facebook.com\/emadesignbabycarriers\/","https:\/\/www.instagram.com\/emadesignbabycarriers\/"],"url":"https:\/\/emababy.com\/en\/author\/emababy1\/"}]}},"_links":{"self":[{"href":"https:\/\/emababy.com\/en\/wp-json\/wp\/v2\/posts\/8378","targetHints":{"allow":["GET"]}}],"collection":[{"href":"https:\/\/emababy.com\/en\/wp-json\/wp\/v2\/posts"}],"about":[{"href":"https:\/\/emababy.com\/en\/wp-json\/wp\/v2\/types\/post"}],"author":[{"embeddable":true,"href":"https:\/\/emababy.com\/en\/wp-json\/wp\/v2\/users\/1"}],"replies":[{"embeddable":true,"href":"https:\/\/emababy.com\/en\/wp-json\/wp\/v2\/comments?post=8378"}],"version-history":[{"count":0,"href":"https:\/\/emababy.com\/en\/wp-json\/wp\/v2\/posts\/8378\/revisions"}],"wp:featuredmedia":[{"embeddable":true,"href":"https:\/\/emababy.com\/en\/wp-json\/wp\/v2\/media\/8379"}],"wp:attachment":[{"href":"https:\/\/emababy.com\/en\/wp-json\/wp\/v2\/media?parent=8378"}],"wp:term":[{"taxonomy":"category","embeddable":true,"href":"https:\/\/emababy.com\/en\/wp-json\/wp\/v2\/categories?post=8378"},{"taxonomy":"post_tag","embeddable":true,"href":"https:\/\/emababy.com\/en\/wp-json\/wp\/v2\/tags?post=8378"}],"curies":[{"name":"wp","href":"https:\/\/api.w.org\/{rel}","templated":true}]}}